{"id":1058,"date":"2018-08-02T20:54:43","date_gmt":"2018-08-02T18:54:43","guid":{"rendered":"http:\/\/clubalpinosamano.azurewebsites.net\/?p=1058"},"modified":"2019-05-02T21:13:43","modified_gmt":"2019-05-02T19:13:43","slug":"2018-v-medio-km-vertical-samano-2","status":"publish","type":"post","link":"https:\/\/clubalpinosamano.com\/\/2018-v-medio-km-vertical-samano-2\/","title":{"rendered":"V Medio Km Vertical S\u00e1mano 2018"},"content":{"rendered":"<p>[et_pb_section fb_built=\u00bb1&#8243; next_background_color=\u00bb#f0f3f6&#8243; admin_label=\u00bbHeader\u00bb _builder_version=\u00bb3.22.5&#8243; use_background_color_gradient=\u00bbon\u00bb background_color_gradient_start=\u00bbrgba(0,0,0,0.45)\u00bb background_color_gradient_end=\u00bbrgba(237,158,0,0.5)\u00bb background_color_gradient_direction=\u00bb135deg\u00bb background_color_gradient_start_position=\u00bb61%\u00bb background_color_gradient_end_position=\u00bb60%\u00bb background_color_gradient_overlays_image=\u00bbon\u00bb background_image=\u00bb\/wp-content\/uploads\/2018-v-medio-km-vertical-samano-01.jpg\u00bb custom_padding=\u00bb4vw|0px|0px|0px|false|false\u00bb bottom_divider_style=\u00bbmountains2&#8243; bottom_divider_flip=\u00bbhorizontal\u00bb][et_pb_row custom_padding=\u00bb27px|0px|117px|0|false|false\u00bb _builder_version=\u00bb3.22.5&#8243; custom_width_px=\u00bb1280px\u00bb][et_pb_column type=\u00bb4_4&#8243; _builder_version=\u00bb3.0.47&#8243;][et_pb_text _builder_version=\u00bb3.22.5&#8243; text_font=\u00bbOpen Sans||||||||\u00bb text_font_size=\u00bb15px\u00bb text_font_size_phone=\u00bb13px\u00bb text_font_size_last_edited=\u00bbon|desktop\u00bb text_line_height=\u00bb20px\u00bb text_line_height_tablet=\u00bb18px\u00bb text_line_height_phone=\u00bb15px\u00bb text_line_height_last_edited=\u00bbon|desktop\u00bb header_font=\u00bbSquada One|||on|||||\u00bb header_font_size=\u00bb71px\u00bb header_font_size_phone=\u00bb32px\u00bb header_font_size_last_edited=\u00bbon|phone\u00bb header_letter_spacing=\u00bb-1px\u00bb header_line_height=\u00bb0.9em\u00bb header_2_font=\u00bbSquada One||||||||\u00bb header_2_font_size=\u00bb60px\u00bb header_2_font_size_tablet=\u00bb40px\u00bb header_2_font_size_phone=\u00bb31px\u00bb header_2_font_size_last_edited=\u00bbon|phone\u00bb header_2_letter_spacing=\u00bb-1px\u00bb header_2_line_height=\u00bb55px\u00bb header_2_line_height_tablet=\u00bb31.2px\u00bb header_2_line_height_phone=\u00bb29.1px\u00bb header_2_line_height_last_edited=\u00bbon|desktop\u00bb background_layout=\u00bbdark\u00bb max_width=\u00bb700px\u00bb custom_padding=\u00bb||0px|||\u00bb animation_style=\u00bbfade\u00bb]<\/p>\n<hgroup>\n<h2 class=\"titulo\">V Medio Km Vertical S\u00e1mano 2018<\/h2>\n<\/hgroup>\n<p>Dentro del programa de fiestas, de San Emeterio y San Celedonio, la Junta Vecinal de S\u00e1mano organiza la 5\u00aa edici\u00f3n del \u00bd Km Vertical S\u00e1mano 2018<\/p>\n<p>[\/et_pb_text][\/et_pb_column][\/et_pb_row][\/et_pb_section][et_pb_section fb_built=\u00bb1&#8243; admin_label=\u00bbBarra direcciones\u00bb _builder_version=\u00bb3.22.3&#8243; background_color=\u00bb#f0f3f6&#8243; custom_padding=\u00bb10px|0px|6px|0px|false|false\u00bb][et_pb_row custom_padding=\u00bb3px|0px|10px|0px|false|false\u00bb _builder_version=\u00bb3.22.3&#8243;][et_pb_column type=\u00bb4_4&#8243; _builder_version=\u00bb3.19.11&#8243;][et_pb_text _builder_version=\u00bb3.19.11&#8243; link_font=\u00bb|600|||||||\u00bb link_text_color=\u00bb#e09900&#8243;]<\/p>\n<div style=\"float: left; margin-right: -8px;\"><a href=\"\/\"><img decoding=\"async\" src=\"\/wp-content\/uploads\/icoHome-48.png\" width=\"30\" height=\"30\" alt=\"\" class=\"wp-image-325 alignleft size-full\" style=\"float: left;\" \/><\/a><\/div>\n<div style=\"float: left; margin-right: 8px;\"><a href=\"\/\">HOME<\/a>\u00a0 |<\/div>\n<div style=\"float: left; margin-right: -8px;\"><a href=\"\/noticias\"><img decoding=\"async\" src=\"\/wp-content\/uploads\/icoNews-48.png\" width=\"30\" height=\"30\" alt=\"\" class=\"wp-image-325 alignleft size-full\" style=\"float: left;\" \/><\/a><\/div>\n<div style=\"float: left; margin-right: 8px;\"><a href=\"\/noticias\">NOTICIAS\u00a0<\/a><\/div>\n<p>[\/et_pb_text][\/et_pb_column][\/et_pb_row][\/et_pb_section][et_pb_section fb_built=\u00bb1&#8243; admin_label=\u00bbContenido\u00bb _builder_version=\u00bb3.22.3&#8243; background_color=\u00bb#f0f3f6&#8243; custom_margin=\u00bb0px||-76px\u00bb custom_margin_tablet=\u00bb||-53px\u00bb custom_margin_phone=\u00bb||-52px\u00bb custom_margin_last_edited=\u00bbon|phone\u00bb custom_padding=\u00bb2px|0px|77px|0px|false|false\u00bb][et_pb_row custom_padding=\u00bb0px|30px|30px|4px|false|false\u00bb custom_padding_phone=\u00bb0px|0px|0px|0px\u00bb custom_padding_last_edited=\u00bbon|phone\u00bb _builder_version=\u00bb3.22.5&#8243; background_color=\u00bbrgba(255,255,255,0)\u00bb border_color_top=\u00bb#e09900&#8243; width_tablet=\u00bb90%\u00bb width_phone=\u00bb90%\u00bb width_last_edited=\u00bbon|tablet\u00bb][et_pb_column type=\u00bb3_4&#8243; _builder_version=\u00bb3.0.47&#8243;][et_pb_cta button_url=\u00bb#\u00bb admin_label=\u00bbLlamada a la acci\u00f3n\u00bb _builder_version=\u00bb3.22.5&#8243; header_font=\u00bbSquada One||||||||\u00bb header_font_size=\u00bb40px\u00bb header_font_size_tablet=\u00bb35px\u00bb header_font_size_phone=\u00bb25px\u00bb header_font_size_last_edited=\u00bbon|phone\u00bb body_font=\u00bbOpen Sans||||||||\u00bb body_font_size_phone=\u00bb15px\u00bb body_font_size_last_edited=\u00bbon|phone\u00bb body_line_height=\u00bb1.8em\u00bb background_color=\u00bb#ffffff\u00bb border_color_all=\u00bb#e09900&#8243; border_width_top=\u00bb8px\u00bb custom_button=\u00bbon\u00bb button_text_color=\u00bb#ffffff\u00bb button_bg_color=\u00bb#00aaff\u00bb button_border_width=\u00bb5px\u00bb button_border_color=\u00bbrgba(0,0,0,0)\u00bb button_border_radius=\u00bb0px\u00bb button_font=\u00bbSquada One|||on|||||\u00bb box_shadow_style=\u00bbpreset1&#8243; box_shadow_color=\u00bbrgba(0,0,0,0.1)\u00bb text_orientation=\u00bbleft\u00bb background_layout=\u00bblight\u00bb button_border_radius_hover=\u00bb0px\u00bb button_text_size__hover_enabled=\u00bboff\u00bb button_one_text_size__hover_enabled=\u00bboff\u00bb button_two_text_size__hover_enabled=\u00bboff\u00bb button_text_color__hover_enabled=\u00bboff\u00bb button_one_text_color__hover_enabled=\u00bboff\u00bb button_two_text_color__hover_enabled=\u00bboff\u00bb button_border_width__hover_enabled=\u00bboff\u00bb button_one_border_width__hover_enabled=\u00bboff\u00bb button_two_border_width__hover_enabled=\u00bboff\u00bb button_border_color__hover_enabled=\u00bboff\u00bb button_one_border_color__hover_enabled=\u00bboff\u00bb button_two_border_color__hover_enabled=\u00bboff\u00bb button_border_radius__hover_enabled=\u00bbon\u00bb button_border_radius__hover=\u00bb0px\u00bb button_one_border_radius__hover_enabled=\u00bboff\u00bb button_two_border_radius__hover_enabled=\u00bboff\u00bb button_letter_spacing__hover_enabled=\u00bboff\u00bb button_one_letter_spacing__hover_enabled=\u00bboff\u00bb button_two_letter_spacing__hover_enabled=\u00bboff\u00bb button_bg_color__hover_enabled=\u00bboff\u00bb button_one_bg_color__hover_enabled=\u00bboff\u00bb button_two_bg_color__hover_enabled=\u00bboff\u00bb]<\/p>\n<p>Hola a tod@s<\/p>\n<p>Dentro del programa de fiestas, de San Emeterio y San Celedonio, l<span style=\"font-size: 14px;\">a Junta Vecinal de S\u00e1mano organiza la 5\u00aa edici\u00f3n del \u00bd Km Vertical S\u00e1mano 2018.<\/span><\/p>\n<p>Contando con la colaboraci\u00f3n del Ayuntamiento de Castro-Urdiales, as\u00ed como Protecci\u00f3n Civil y la DYA, mientras que l<span style=\"font-size: 14px;\">a direcci\u00f3n t\u00e9cnica corre a cargo del Club Alpino S\u00e1mano<\/span><\/p>\n<p><span style=\"font-size: 14px;\">La prueba se realizar\u00e1, conforme a los siguientes pormenores:<\/span><\/p>\n<ul>\n<li>Fecha: <strong>2 de septiembre de 2018<\/strong><\/li>\n<li>Lugar: <strong>S\u00e1mano 39709, Castro Urdiales-Cantabria<\/strong><\/li>\n<li>Salida: <strong>Plaza de Nuestra Se\u00f1ora del Rosario, (Junto al Polideportivo)<\/strong><\/li>\n<li>Meta: <strong>Pico de la Pe\u00f1a de Santull\u00e1n<\/strong><\/li>\n<li>Horario: <strong>11:00 horas<\/strong><\/li>\n<li>Distancia: <strong>2.500 metros<\/strong><\/li>\n<li>Desnivel + : <strong>453 metros<\/strong><\/li>\n<li>Inscripci\u00f3n: <strong>10,00 \u20ac<\/strong><\/li>\n<li>Inscripciones: Se podr\u00e1n formalizar las inscripciones hasta que se acaben las plazas (m\u00e1ximo 100), reservando el dorsal en el correo del club Alpino S\u00e1mano: <strong>mediokmvsamano@gmail.com<\/strong><\/li>\n<\/ul>\n<p>Hasta el d\u00eda 31 de agosto, al precio de 10,00 \u20ac. El dorsal se podr\u00e1 recoger el mismo d\u00eda de la prueba en la salida al realizar el pago.<\/p>\n<p>Los datos necesarios para la reserva, son los siguientes:<\/p>\n<ul>\n<li>Nombre y Apellidos<\/li>\n<li>DNI<\/li>\n<li>Poblaci\u00f3n\/Provincia<\/li>\n<li>Tel\u00e9fono<\/li>\n<li>Fecha Nacimiento<\/li>\n<li>Sexo<\/li>\n<li>Club<\/li>\n<li>Email<\/li>\n<\/ul>\n<p>El d\u00eda de la prueba, de existir plazas, se podr\u00e1 realizar la inscripci\u00f3n, hasta media hora antes de la prueba.<\/p>\n<p>[\/et_pb_cta][\/et_pb_column][et_pb_column type=\u00bb1_4&#8243; _builder_version=\u00bb3.0.47&#8243;][et_pb_image src=\u00bb\/wp-content\/uploads\/2018-v-medio-km-vertical-samano-01.png\u00bb show_in_lightbox=\u00bbon\u00bb use_overlay=\u00bbon\u00bb overlay_icon_color=\u00bb#ffffff\u00bb hover_overlay_color=\u00bbrgba(0,0,0,0.33)\u00bb hover_icon=\u00bb%%51%%\u00bb _builder_version=\u00bb3.22.5&#8243; border_width_all=\u00bb8px\u00bb border_color_all=\u00bb#ffffff\u00bb][\/et_pb_image][et_pb_button button_url=\u00bb\/wp-content\/uploads\/2018-V-MKV-Samano-Reglamento.pdf\u00bb url_new_window=\u00bbon\u00bb button_text=\u00bbReglamento\u00bb button_alignment=\u00bbcenter\u00bb _builder_version=\u00bb3.22.5&#8243; custom_button=\u00bbon\u00bb button_text_color=\u00bb#ffffff\u00bb button_bg_color=\u00bb#e09900&#8243; button_border_width=\u00bb1px\u00bb button_font=\u00bbOpen Sans||||||||\u00bb button_icon=\u00bb%%98%%\u00bb button_icon_color=\u00bb#ffffff\u00bb button_icon_placement=\u00bbleft\u00bb button_on_hover=\u00bboff\u00bb button_text_shadow_style=\u00bbpreset4&#8243; custom_css_main_element=\u00bbwidth:180px;\u00bb button_bg_color__hover=\u00bb#ffae00&#8243; button_bg_color__hover_enabled=\u00bbon\u00bb][\/et_pb_button][et_pb_button button_url=\u00bbhttp:\/\/es.wikiloc.com\/wikiloc\/view.do?id=7716916&#8243; url_new_window=\u00bbon\u00bb button_text=\u00bbTrack\u00bb button_alignment=\u00bbcenter\u00bb _builder_version=\u00bb3.22.5&#8243; custom_button=\u00bbon\u00bb button_text_color=\u00bb#ffffff\u00bb button_bg_color=\u00bb#e09900&#8243; button_border_width=\u00bb1px\u00bb button_font=\u00bbOpen Sans||||||||\u00bb button_icon=\u00bb%%98%%\u00bb button_icon_color=\u00bb#ffffff\u00bb button_icon_placement=\u00bbleft\u00bb button_on_hover=\u00bboff\u00bb button_text_shadow_style=\u00bbpreset4&#8243; custom_css_main_element=\u00bbwidth:180px;\u00bb button_bg_color__hover=\u00bb#ffae00&#8243; button_bg_color__hover_enabled=\u00bbon\u00bb][\/et_pb_button][\/et_pb_column][\/et_pb_row][\/et_pb_section][et_pb_section fb_built=\u00bb1&#8243; inner_shadow=\u00bbon\u00bb _builder_version=\u00bb3.19&#8243; background_color=\u00bb#dddddd\u00bb custom_margin=\u00bb30px||-75px|||\u00bb custom_margin_last_edited=\u00bbon|phone\u00bb custom_padding=\u00bb31px|0px|0px|0px|false|false\u00bb global_module=\u00bb180&#8243; saved_tabs=\u00bball\u00bb][et_pb_row custom_padding=\u00bb0|0px|0|0px|false|false\u00bb _builder_version=\u00bb3.22.3&#8243;][et_pb_column type=\u00bb4_4&#8243; _builder_version=\u00bb3.19&#8243;][et_pb_text _builder_version=\u00bb3.19&#8243; text_font=\u00bbSquada One||||||||\u00bb text_font_size=\u00bb38px\u00bb text_letter_spacing=\u00bb-1px\u00bb]<img decoding=\"async\" src=\"\/wp-content\/uploads\/icoNews-128.png\" width=\"39\" height=\"39\" alt=\"\" class=\"wp-image-176 alignnone size-full\" align=\"absmiddle\" style=\"margin-right: 8px; margin-top:-8px\" \/>\u00daLTIMAS NOTICIAS[\/et_pb_text][et_pb_blog fullwidth=\u00bboff\u00bb posts_number=\u00bb6&#8243; include_categories=\u00bb2&#8243; show_more=\u00bbon\u00bb show_author=\u00bboff\u00bb show_categories=\u00bboff\u00bb _builder_version=\u00bb3.22.5&#8243; background_color=\u00bb#dddddd\u00bb box_shadow_style=\u00bbpreset1&#8243; box_shadow_spread=\u00bb-4px\u00bb][\/et_pb_blog][\/et_pb_column][\/et_pb_row][\/et_pb_section]<\/p>\n","protected":false},"excerpt":{"rendered":"<p>Dentro del programa de fiestas, de San Emeterio y San Celedonio, la Junta Vecinal de S\u00e1mano, organiza la 5\u00aa edici\u00f3n del \u00bd Km Vertical de S\u00e1mano<\/p>\n","protected":false},"author":1,"featured_media":1059,"comment_status":"closed","ping_status":"closed","sticky":false,"template":"","format":"standard","meta":{"_et_pb_use_builder":"on","_et_pb_old_content":"<!-- wp:paragraph -->\n<p> El s\u00e1bado 15 de diciembre de 2018, se ha celebrado la comida fin de a\u00f1o, del club, alrededor de 50 socios nos hemos reunido para despedir el a\u00f1o y recordar la an\u00e9cdotas vividas...<\/p>\n<!-- \/wp:paragraph -->","_et_gb_content_width":"","footnotes":""},"categories":[2,13],"tags":[],"class_list":["post-1058","post","type-post","status-publish","format-standard","has-post-thumbnail","hentry","category-noticias","category-trail"],"amp_enabled":true,"_links":{"self":[{"href":"https:\/\/clubalpinosamano.com\/\/wp-json\/wp\/v2\/posts\/1058","targetHints":{"allow":["GET"]}}],"collection":[{"href":"https:\/\/clubalpinosamano.com\/\/wp-json\/wp\/v2\/posts"}],"about":[{"href":"https:\/\/clubalpinosamano.com\/\/wp-json\/wp\/v2\/types\/post"}],"author":[{"embeddable":true,"href":"https:\/\/clubalpinosamano.com\/\/wp-json\/wp\/v2\/users\/1"}],"replies":[{"embeddable":true,"href":"https:\/\/clubalpinosamano.com\/\/wp-json\/wp\/v2\/comments?post=1058"}],"version-history":[{"count":4,"href":"https:\/\/clubalpinosamano.com\/\/wp-json\/wp\/v2\/posts\/1058\/revisions"}],"predecessor-version":[{"id":1066,"href":"https:\/\/clubalpinosamano.com\/\/wp-json\/wp\/v2\/posts\/1058\/revisions\/1066"}],"wp:featuredmedia":[{"embeddable":true,"href":"https:\/\/clubalpinosamano.com\/\/wp-json\/wp\/v2\/media\/1059"}],"wp:attachment":[{"href":"https:\/\/clubalpinosamano.com\/\/wp-json\/wp\/v2\/media?parent=1058"}],"wp:term":[{"taxonomy":"category","embeddable":true,"href":"https:\/\/clubalpinosamano.com\/\/wp-json\/wp\/v2\/categories?post=1058"},{"taxonomy":"post_tag","embeddable":true,"href":"https:\/\/clubalpinosamano.com\/\/wp-json\/wp\/v2\/tags?post=1058"}],"curies":[{"name":"wp","href":"https:\/\/api.w.org\/{rel}","templated":true}]}}