{"id":119,"date":"2018-11-23T20:31:29","date_gmt":"2018-11-23T19:31:29","guid":{"rendered":"http:\/\/clubalpinosamano.azurewebsites.net\/?p=119"},"modified":"2018-12-26T22:54:35","modified_gmt":"2018-12-26T21:54:35","slug":"gala-final-trail-series-cantabria","status":"publish","type":"post","link":"https:\/\/clubalpinosamano.com\/\/gala-final-trail-series-cantabria\/","title":{"rendered":"Gala Final Trail Series Cantabria"},"content":{"rendered":"<p>[et_pb_section fb_built=\u00bb1&#8243; next_background_color=\u00bb#f0f3f6&#8243; admin_label=\u00bbHeader\u00bb _builder_version=\u00bb3.19&#8243; use_background_color_gradient=\u00bbon\u00bb background_color_gradient_start=\u00bbrgba(0,0,0,0.45)\u00bb background_color_gradient_end=\u00bbrgba(237,158,0,0.5)\u00bb background_color_gradient_direction=\u00bb123deg\u00bb background_color_gradient_start_position=\u00bb61%\u00bb background_color_gradient_end_position=\u00bb60%\u00bb background_color_gradient_overlays_image=\u00bbon\u00bb background_image=\u00bb\/wp-content\/uploads\/2018_11_23_Gala_Final_Trail_Series_Cantabria.jpg\u00bb background_position=\u00bbtop_center\u00bb custom_padding=\u00bb4vw|0px|0px|0px|false|false\u00bb bottom_divider_style=\u00bbmountains2&#8243; bottom_divider_flip=\u00bbhorizontal\u00bb][et_pb_row custom_width_px=\u00bb1280px\u00bb custom_padding=\u00bb27px|0px|126px|0|false|false\u00bb _builder_version=\u00bb3.16.1&#8243;][et_pb_column type=\u00bb4_4&#8243; _builder_version=\u00bb3.0.47&#8243; parallax=\u00bboff\u00bb parallax_method=\u00bbon\u00bb][et_pb_text _builder_version=\u00bb3.19&#8243; text_font=\u00bbOpen Sans||||||||\u00bb text_font_size=\u00bb16px\u00bb text_font_size_phone=\u00bb12px\u00bb text_font_size_last_edited=\u00bbon|desktop\u00bb text_line_height=\u00bb1.8em\u00bb text_line_height_phone=\u00bb1.4em\u00bb text_line_height_last_edited=\u00bbon|desktop\u00bb header_font=\u00bbSquada One|||on|||||\u00bb header_font_size=\u00bb71px\u00bb header_font_size_phone=\u00bb32px\u00bb header_font_size_last_edited=\u00bbon|phone\u00bb header_letter_spacing=\u00bb-2px\u00bb header_line_height=\u00bb0.9em\u00bb background_layout=\u00bbdark\u00bb max_width=\u00bb700px\u00bb animation_style=\u00bbfade\u00bb]<\/p>\n<h1>Borja Miquelarena Echevarria, CAMPE\u00d3N DE LAS TRAIL SERIES CANTABRIA 2018<\/h1>\n<p>El viernes 23 de noviembre de 2018, se ha celebrado la Gala final de las Trail Series Cantabria y entrega de los Premios Populares de Cantabria.<\/p>\n<p>[\/et_pb_text][\/et_pb_column][\/et_pb_row][\/et_pb_section][et_pb_section fb_built=\u00bb1&#8243; _builder_version=\u00bb3.19&#8243; background_color=\u00bb#f0f3f6&#8243; custom_margin=\u00bb0px||0px\u00bb custom_margin_tablet=\u00bb||-30px\u00bb custom_margin_phone=\u00bb||-17px\u00bb custom_margin_last_edited=\u00bbon|tablet\u00bb custom_padding=\u00bb17px|0px|37px|0px|false|false\u00bb hover_enabled=\u00bb0&#8243;][et_pb_row custom_padding=\u00bb0|0px|27px|0px|false|false\u00bb _builder_version=\u00bb3.19&#8243;][et_pb_column type=\u00bb4_4&#8243; _builder_version=\u00bb3.0.47&#8243; parallax=\u00bboff\u00bb parallax_method=\u00bbon\u00bb][et_pb_cta button_url=\u00bb#\u00bb _builder_version=\u00bb3.19&#8243; header_font=\u00bbSquada One||||||||\u00bb header_font_size=\u00bb40px\u00bb header_font_size_tablet=\u00bb35px\u00bb header_font_size_phone=\u00bb25px\u00bb header_font_size_last_edited=\u00bbon|phone\u00bb body_font=\u00bbOpen Sans||||||||\u00bb body_line_height=\u00bb1.8em\u00bb background_color=\u00bb#ffffff\u00bb border_color_all=\u00bb#e09900&#8243; border_width_top=\u00bb8px\u00bb custom_button=\u00bbon\u00bb button_text_color=\u00bb#ffffff\u00bb button_bg_color=\u00bb#00aaff\u00bb button_border_width=\u00bb5px\u00bb button_border_color=\u00bbrgba(0,0,0,0)\u00bb button_border_radius=\u00bb0px\u00bb button_font=\u00bbSquada One|||on|||||\u00bb box_shadow_style=\u00bbpreset1&#8243; box_shadow_blur=\u00bb100px\u00bb box_shadow_color=\u00bbrgba(0,0,0,0.1)\u00bb text_orientation=\u00bbleft\u00bb background_layout=\u00bblight\u00bb button_border_radius_hover=\u00bb0px\u00bb button_text_size__hover_enabled=\u00bboff\u00bb button_one_text_size__hover_enabled=\u00bboff\u00bb button_two_text_size__hover_enabled=\u00bboff\u00bb button_text_color__hover_enabled=\u00bboff\u00bb button_one_text_color__hover_enabled=\u00bboff\u00bb button_two_text_color__hover_enabled=\u00bboff\u00bb button_border_width__hover_enabled=\u00bboff\u00bb button_one_border_width__hover_enabled=\u00bboff\u00bb button_two_border_width__hover_enabled=\u00bboff\u00bb button_border_color__hover_enabled=\u00bboff\u00bb button_one_border_color__hover_enabled=\u00bboff\u00bb button_two_border_color__hover_enabled=\u00bboff\u00bb button_border_radius__hover_enabled=\u00bbon\u00bb button_border_radius__hover=\u00bb0px\u00bb button_one_border_radius__hover_enabled=\u00bboff\u00bb button_two_border_radius__hover_enabled=\u00bboff\u00bb button_letter_spacing__hover_enabled=\u00bboff\u00bb button_one_letter_spacing__hover_enabled=\u00bboff\u00bb button_two_letter_spacing__hover_enabled=\u00bboff\u00bb button_bg_color__hover_enabled=\u00bboff\u00bb button_one_bg_color__hover_enabled=\u00bboff\u00bb button_two_bg_color__hover_enabled=\u00bboff\u00bb]<\/p>\n<p><a href=\"\/wp-content\/uploads\/2018_12_15_Comida_Club_Alpino_Samano.jpg\"><img decoding=\"async\" src=\"\/wp-content\/uploads\/2018_11_23_Gala_Final_Trail_Series_Cantabria-300x199.jpg\" width=\"300\" height=\"199\" alt=\"\" class=\"wp-image-122 alignleft size-medium\" srcset=\"https:\/\/clubalpinosamano.com\/wp-content\/uploads\/2018_11_23_Gala_Final_Trail_Series_Cantabria-300x199.jpg 300w, https:\/\/clubalpinosamano.com\/wp-content\/uploads\/2018_11_23_Gala_Final_Trail_Series_Cantabria-768x510.jpg 768w, https:\/\/clubalpinosamano.com\/wp-content\/uploads\/2018_11_23_Gala_Final_Trail_Series_Cantabria-1024x680.jpg 1024w, https:\/\/clubalpinosamano.com\/wp-content\/uploads\/2018_11_23_Gala_Final_Trail_Series_Cantabria-1080x717.jpg 1080w, https:\/\/clubalpinosamano.com\/wp-content\/uploads\/2018_11_23_Gala_Final_Trail_Series_Cantabria.jpg 1412w\" sizes=\"(max-width: 300px) 100vw, 300px\" \/><\/a><\/p>\n<p>Hola a tod@s<\/p>\n<p><span style=\"font-size: 14px;\">El viernes 23 de noviembre de 2018, se ha celebrado la Gala final de las Trail Series Cantabria y entrega de los Premios Populares de Cantabria.<\/span><\/p>\n<p>Se han entregado los premios a los Finishers y a los tres primeros clasificados de las distintas categor\u00edas.<\/p>\n<p>Tenemos que destacar la gran actuaci\u00f3n del Club Alpino S\u00e1mano, ya que hemos tenido representaci\u00f3n en tres de estas clasificaciones:<\/p>\n<ul>\n<li>Veteranos 2, tenemos un tercer premio de la mano de Antonio Lorenzo Rodr\u00edguez.<\/li>\n<li>En veteranos 1, David Mayo L\u00f3pez ha subido al caj\u00f3n en segundo lugar.<\/li>\n<li>Tenemos al gran campe\u00f3n de las Trail Series Cantabria 2018, Borja Miquelarena Echevarria.<\/li>\n<\/ul>\n<p>Os dejamos un enlace, a las fotograf\u00edas sacadas durante la gala y\u00a0<span style=\"font-size: 14px;\">un enlace de un v\u00eddeo, en el cual podemos ver la lectura de un comunicado, por parte de Esteban, organizador de Pico Jano. El audio no es de buena calidad, pero se puede llegar a entender.<\/span><\/p>\n<p>[\/et_pb_cta][\/et_pb_column][\/et_pb_row][et_pb_row _builder_version=\u00bb3.19&#8243;][et_pb_column type=\u00bb4_4&#8243; _builder_version=\u00bb3.19&#8243; parallax=\u00bboff\u00bb parallax_method=\u00bbon\u00bb][et_pb_button button_url=\u00bbhttps:\/\/photos.app.goo.gl\/VX47C8r7G9kUEVfV6&#8243; url_new_window=\u00bbon\u00bb button_text=\u00bbGaler\u00eda de Fotos\u00bb button_alignment=\u00bbcenter\u00bb admin_label=\u00bbBot\u00f3n\u00bb _builder_version=\u00bb3.19&#8243; custom_button=\u00bbon\u00bb button_text_color=\u00bb#ffffff\u00bb button_bg_color=\u00bb#e09900&#8243; button_border_width=\u00bb1px\u00bb button_font=\u00bbOpen Sans||||||||\u00bb button_icon=\u00bb%%99%%\u00bb button_icon_color=\u00bb#ffffff\u00bb button_icon_placement=\u00bbleft\u00bb button_on_hover=\u00bboff\u00bb button_text_shadow_style=\u00bbpreset4&#8243; saved_tabs=\u00bball\u00bb button_bg_color__hover_enabled=\u00bbon\u00bb button_bg_color__hover=\u00bb#ffae00&#8243; global_module=\u00bb146&#8243;][\/et_pb_button][\/et_pb_column][\/et_pb_row][et_pb_row _builder_version=\u00bb3.19&#8243;][et_pb_column type=\u00bb4_4&#8243; _builder_version=\u00bb3.19&#8243; parallax=\u00bboff\u00bb parallax_method=\u00bbon\u00bb][et_pb_video src=\u00bbhttps:\/\/www.youtube.com\/watch?v=hTzdrLA8FK8&#8243; _builder_version=\u00bb3.19&#8243;][\/et_pb_video][\/et_pb_column][\/et_pb_row][\/et_pb_section][et_pb_section fb_built=\u00bb1&#8243; inner_shadow=\u00bbon\u00bb _builder_version=\u00bb3.19&#8243; background_color=\u00bb#dddddd\u00bb custom_margin=\u00bb||-75px\u00bb custom_padding=\u00bb33px|0px|0px|0px|false|false\u00bb hover_enabled=\u00bb0&#8243; global_module=\u00bb180&#8243; custom_margin_last_edited=\u00bbon|phone\u00bb custom_margin_tablet=\u00bb||-53px\u00bb][et_pb_row custom_padding=\u00bb0|0px|0|0px|false|false\u00bb background_color_1=\u00bb##dddddd\u00bb _builder_version=\u00bb3.19&#8243; background_color=\u00bb##dddddd\u00bb][et_pb_column type=\u00bb4_4&#8243; _builder_version=\u00bb3.19&#8243; background_color=\u00bb##dddddd\u00bb parallax=\u00bboff\u00bb parallax_method=\u00bbon\u00bb][et_pb_text _builder_version=\u00bb3.19&#8243; text_font=\u00bbSquada One||||||||\u00bb text_font_size=\u00bb38px\u00bb text_letter_spacing=\u00bb-1px\u00bb]<img decoding=\"async\" src=\"\/wp-content\/uploads\/icoNews-128.png\" width=\"39\" height=\"39\" alt=\"\" class=\"wp-image-176 alignnone size-full\" align=\"absmiddle\" style=\"margin-right: 8px; margin-top:-8px\" \/>\u00daLTIMAS NOTICIAS[\/et_pb_text][et_pb_blog fullwidth=\u00bboff\u00bb posts_number=\u00bb4&#8243; include_categories=\u00bb2&#8243; show_more=\u00bbon\u00bb show_author=\u00bboff\u00bb show_categories=\u00bboff\u00bb _builder_version=\u00bb3.19&#8243; background_color=\u00bb#dddddd\u00bb box_shadow_style=\u00bbpreset1&#8243; box_shadow_spread=\u00bb-4px\u00bb][\/et_pb_blog][\/et_pb_column][\/et_pb_row][\/et_pb_section]<\/p>\n","protected":false},"excerpt":{"rendered":"<p>Borja Miquelarena Echevarr\u00eda, CAMPE\u00d3N DE LAS TRAIL SERIES CANTABRIA 2018<\/p>\n","protected":false},"author":1,"featured_media":122,"comment_status":"open","ping_status":"open","sticky":false,"template":"","format":"standard","meta":{"_et_pb_use_builder":"on","_et_pb_old_content":"","_et_gb_content_width":"","footnotes":""},"categories":[2],"tags":[],"class_list":["post-119","post","type-post","status-publish","format-standard","has-post-thumbnail","hentry","category-noticias"],"amp_enabled":true,"_links":{"self":[{"href":"https:\/\/clubalpinosamano.com\/\/wp-json\/wp\/v2\/posts\/119","targetHints":{"allow":["GET"]}}],"collection":[{"href":"https:\/\/clubalpinosamano.com\/\/wp-json\/wp\/v2\/posts"}],"about":[{"href":"https:\/\/clubalpinosamano.com\/\/wp-json\/wp\/v2\/types\/post"}],"author":[{"embeddable":true,"href":"https:\/\/clubalpinosamano.com\/\/wp-json\/wp\/v2\/users\/1"}],"replies":[{"embeddable":true,"href":"https:\/\/clubalpinosamano.com\/\/wp-json\/wp\/v2\/comments?post=119"}],"version-history":[{"count":9,"href":"https:\/\/clubalpinosamano.com\/\/wp-json\/wp\/v2\/posts\/119\/revisions"}],"predecessor-version":[{"id":189,"href":"https:\/\/clubalpinosamano.com\/\/wp-json\/wp\/v2\/posts\/119\/revisions\/189"}],"wp:featuredmedia":[{"embeddable":true,"href":"https:\/\/clubalpinosamano.com\/\/wp-json\/wp\/v2\/media\/122"}],"wp:attachment":[{"href":"https:\/\/clubalpinosamano.com\/\/wp-json\/wp\/v2\/media?parent=119"}],"wp:term":[{"taxonomy":"category","embeddable":true,"href":"https:\/\/clubalpinosamano.com\/\/wp-json\/wp\/v2\/categories?post=119"},{"taxonomy":"post_tag","embeddable":true,"href":"https:\/\/clubalpinosamano.com\/\/wp-json\/wp\/v2\/tags?post=119"}],"curies":[{"name":"wp","href":"https:\/\/api.w.org\/{rel}","templated":true}]}}