{"id":1845,"date":"2019-06-16T20:43:28","date_gmt":"2019-06-16T18:43:28","guid":{"rendered":"http:\/\/clubalpinosamano.com\/?p=1845"},"modified":"2019-06-16T21:10:24","modified_gmt":"2019-06-16T19:10:24","slug":"fin-de-semana-naranja","status":"publish","type":"post","link":"https:\/\/clubalpinosamano.com\/\/fin-de-semana-naranja\/","title":{"rendered":"FIN DE SEMANA NARANJA"},"content":{"rendered":"<p>[et_pb_section fb_built=\u00bb1&#8243; next_background_color=\u00bb#f0f3f6&#8243; admin_label=\u00bbHeader\u00bb _builder_version=\u00bb3.22.5&#8243; use_background_color_gradient=\u00bbon\u00bb background_color_gradient_start=\u00bbrgba(0,0,0,0.45)\u00bb background_color_gradient_end=\u00bbrgba(237,158,0,0.5)\u00bb background_color_gradient_direction=\u00bb135deg\u00bb background_color_gradient_start_position=\u00bb61%\u00bb background_color_gradient_end_position=\u00bb60%\u00bb background_color_gradient_overlays_image=\u00bbon\u00bb background_image=\u00bb\/wp-content\/uploads\/Ivan_Etxebe_Desaf\u00edo_Dama_Roja.jpeg\u00bb custom_padding=\u00bb4vw|0px|16px|0px|false|false\u00bb bottom_divider_style=\u00bbmountains2&#8243; bottom_divider_flip=\u00bbhorizontal\u00bb][et_pb_row custom_padding=\u00bb27px|0px|117px|0|false|false\u00bb _builder_version=\u00bb3.22.5&#8243; custom_width_px=\u00bb1280px\u00bb][et_pb_column type=\u00bb4_4&#8243; _builder_version=\u00bb3.0.47&#8243;][et_pb_text _builder_version=\u00bb3.22.5&#8243; text_font=\u00bbOpen Sans||||||||\u00bb text_font_size=\u00bb16px\u00bb text_font_size_phone=\u00bb12px\u00bb text_font_size_last_edited=\u00bbon|desktop\u00bb text_line_height=\u00bb1.8em\u00bb text_line_height_phone=\u00bb1.4em\u00bb text_line_height_last_edited=\u00bbon|desktop\u00bb header_font=\u00bbSquada One|||on|||||\u00bb header_font_size=\u00bb71px\u00bb header_font_size_phone=\u00bb32px\u00bb header_font_size_last_edited=\u00bbon|phone\u00bb header_letter_spacing=\u00bb-1px\u00bb header_line_height=\u00bb0.9em\u00bb background_layout=\u00bbdark\u00bb max_width=\u00bb700px\u00bb custom_padding=\u00bb||0px|||\u00bb animation_style=\u00bbfade\u00bb]<\/p>\n<h1>FIN DE SEMANA NARANJA<\/h1>\n<p>Intenso fin de semana en el Club Alpino S\u00e1mano. Travesera, KV Fuente D\u00e9, 10 Montes de Vitoria, Dama Roja y Valle de Ezcaray.<\/p>\n<p>[\/et_pb_text][\/et_pb_column][\/et_pb_row][\/et_pb_section][et_pb_section fb_built=\u00bb1&#8243; admin_label=\u00bbBarra direcciones\u00bb _builder_version=\u00bb3.22.3&#8243; background_color=\u00bb#f0f3f6&#8243; custom_margin=\u00bb8px|||||\u00bb custom_padding=\u00bb10px|0px|6px|0px|false|false\u00bb][et_pb_row custom_padding=\u00bb3px|0px|10px|0px|false|false\u00bb _builder_version=\u00bb3.22.3&#8243;][et_pb_column type=\u00bb4_4&#8243; _builder_version=\u00bb3.19.11&#8243;][et_pb_text _builder_version=\u00bb3.19.11&#8243; link_font=\u00bb|600|||||||\u00bb link_text_color=\u00bb#e09900&#8243;]<\/p>\n<div style=\"float: left; margin-right: -8px;\"><a href=\"\/\"><img decoding=\"async\" src=\"\/wp-content\/uploads\/icoHome-48.png\" width=\"30\" height=\"30\" alt=\"\" class=\"wp-image-325 alignleft size-full\" style=\"float: left;\" \/><\/a><\/div>\n<div style=\"float: left; margin-right: 8px;\"><a href=\"\/\">HOME<\/a>\u00a0 |<\/div>\n<div style=\"float: left; margin-right: -8px;\"><a href=\"\/noticias\"><img decoding=\"async\" src=\"\/wp-content\/uploads\/icoNews-48.png\" width=\"30\" height=\"30\" alt=\"\" class=\"wp-image-325 alignleft size-full\" style=\"float: left;\" \/><\/a><\/div>\n<div style=\"float: left; margin-right: 8px;\"><a href=\"\/noticias\">NOTICIAS\u00a0<\/a><\/div>\n<p>[\/et_pb_text][\/et_pb_column][\/et_pb_row][\/et_pb_section][et_pb_section fb_built=\u00bb1&#8243; admin_label=\u00bbContenido\u00bb _builder_version=\u00bb3.22.5&#8243; background_color=\u00bb#f0f3f6&#8243; custom_margin=\u00bb0px||-76px\u00bb custom_margin_tablet=\u00bb||-53px\u00bb custom_margin_phone=\u00bb||-52px\u00bb custom_margin_last_edited=\u00bbon|phone\u00bb custom_padding=\u00bb2px|0px|77px|0px|false|false\u00bb][et_pb_row custom_padding=\u00bb0px|30px|30px|4px|false|false\u00bb custom_padding_phone=\u00bb0px|0px|0px|0px\u00bb custom_padding_last_edited=\u00bbon|phone\u00bb _builder_version=\u00bb3.22.3&#8243; background_color=\u00bbrgba(255,255,255,0)\u00bb border_color_top=\u00bb#e09900&#8243;][et_pb_column type=\u00bb4_4&#8243; _builder_version=\u00bb3.0.47&#8243;][et_pb_cta button_url=\u00bb#\u00bb admin_label=\u00bbLlamada a la acci\u00f3n\u00bb _builder_version=\u00bb3.22.5&#8243; header_font=\u00bbSquada One||||||||\u00bb header_font_size=\u00bb40px\u00bb header_font_size_tablet=\u00bb35px\u00bb header_font_size_phone=\u00bb25px\u00bb header_font_size_last_edited=\u00bbon|phone\u00bb body_font=\u00bbOpen Sans||||||||\u00bb body_line_height=\u00bb1.8em\u00bb background_color=\u00bb#ffffff\u00bb border_color_all=\u00bb#e09900&#8243; border_width_top=\u00bb8px\u00bb custom_button=\u00bbon\u00bb button_text_color=\u00bb#ffffff\u00bb button_bg_color=\u00bb#00aaff\u00bb button_border_width=\u00bb5px\u00bb button_border_color=\u00bbrgba(0,0,0,0)\u00bb button_border_radius=\u00bb0px\u00bb button_font=\u00bbSquada One|||on|||||\u00bb box_shadow_style=\u00bbpreset1&#8243; box_shadow_color=\u00bbrgba(0,0,0,0.1)\u00bb text_orientation=\u00bbleft\u00bb background_layout=\u00bblight\u00bb custom_padding=\u00bb|||60px||\u00bb button_border_radius_hover=\u00bb0px\u00bb button_text_size__hover_enabled=\u00bboff\u00bb button_one_text_size__hover_enabled=\u00bboff\u00bb button_two_text_size__hover_enabled=\u00bboff\u00bb button_text_color__hover_enabled=\u00bboff\u00bb button_one_text_color__hover_enabled=\u00bboff\u00bb button_two_text_color__hover_enabled=\u00bboff\u00bb button_border_width__hover_enabled=\u00bboff\u00bb button_one_border_width__hover_enabled=\u00bboff\u00bb button_two_border_width__hover_enabled=\u00bboff\u00bb button_border_color__hover_enabled=\u00bboff\u00bb button_one_border_color__hover_enabled=\u00bboff\u00bb button_two_border_color__hover_enabled=\u00bboff\u00bb button_border_radius__hover_enabled=\u00bbon\u00bb button_border_radius__hover=\u00bb0px\u00bb button_one_border_radius__hover_enabled=\u00bboff\u00bb button_two_border_radius__hover_enabled=\u00bboff\u00bb button_letter_spacing__hover_enabled=\u00bboff\u00bb button_one_letter_spacing__hover_enabled=\u00bboff\u00bb button_two_letter_spacing__hover_enabled=\u00bboff\u00bb button_bg_color__hover_enabled=\u00bboff\u00bb button_one_bg_color__hover_enabled=\u00bboff\u00bb button_two_bg_color__hover_enabled=\u00bboff\u00bb]<\/p>\n<h4><span style=\"color: #1c1e21; font-family: Helvetica, Arial, sans-serif; font-size: 14px; font-style: normal; font-variant-ligatures: normal; font-variant-caps: normal; font-weight: 400; letter-spacing: normal; orphans: 2; text-align: start; text-indent: 0px; text-transform: none; white-space: normal; widows: 2; word-spacing: 0px; -webkit-text-stroke-width: 0px; background-color: #ffffff; text-decoration-style: initial; text-decoration-color: initial; display: inline !important; float: none;\">FIN DE SEMANA NARANJA!!!<\/span><br style=\"color: #1c1e21; font-family: Helvetica, Arial, sans-serif; font-size: 14px; font-style: normal; font-variant-ligatures: normal; font-variant-caps: normal; font-weight: 400; letter-spacing: normal; orphans: 2; text-align: start; text-indent: 0px; text-transform: none; white-space: normal; widows: 2; word-spacing: 0px; -webkit-text-stroke-width: 0px; background-color: #ffffff; text-decoration-style: initial; text-decoration-color: initial;\" \/><span style=\"color: #1c1e21; font-family: Helvetica, Arial, sans-serif; font-size: 14px; font-style: normal; font-variant-ligatures: normal; font-variant-caps: normal; font-weight: 400; letter-spacing: normal; orphans: 2; text-align: start; text-indent: 0px; text-transform: none; white-space: normal; widows: 2; word-spacing: 0px; -webkit-text-stroke-width: 0px; background-color: #ffffff; text-decoration-style: initial; text-decoration-color: initial; display: inline !important; float: none;\">&#8212;<\/span><br style=\"color: #1c1e21; font-family: Helvetica, Arial, sans-serif; font-size: 14px; font-style: normal; font-variant-ligatures: normal; font-variant-caps: normal; font-weight: 400; letter-spacing: normal; orphans: 2; text-align: start; text-indent: 0px; text-transform: none; white-space: normal; widows: 2; word-spacing: 0px; -webkit-text-stroke-width: 0px; background-color: #ffffff; text-decoration-style: initial; text-decoration-color: initial;\" \/><span style=\"color: #1c1e21; font-family: Helvetica, Arial, sans-serif; font-size: 14px; font-style: normal; font-variant-ligatures: normal; font-variant-caps: normal; font-weight: 400; letter-spacing: normal; orphans: 2; text-align: start; text-indent: 0px; text-transform: none; white-space: normal; widows: 2; word-spacing: 0px; -webkit-text-stroke-width: 0px; background-color: #ffffff; text-decoration-style: initial; text-decoration-color: initial; display: inline !important; float: none;\">Intenso fin de semana en el Club Alpino Samano.<\/span><br style=\"color: #1c1e21; font-family: Helvetica, Arial, sans-serif; font-size: 14px; font-style: normal; font-variant-ligatures: normal; font-variant-caps: normal; font-weight: 400; letter-spacing: normal; orphans: 2; text-align: start; text-indent: 0px; text-transform: none; white-space: normal; widows: 2; word-spacing: 0px; -webkit-text-stroke-width: 0px; background-color: #ffffff; text-decoration-style: initial; text-decoration-color: initial;\" \/><span style=\"color: #1c1e21; font-family: Helvetica, Arial, sans-serif; font-size: 14px; font-style: normal; font-variant-ligatures: normal; font-variant-caps: normal; font-weight: 400; letter-spacing: normal; orphans: 2; text-align: start; text-indent: 0px; text-transform: none; white-space: normal; widows: 2; word-spacing: 0px; -webkit-text-stroke-width: 0px; background-color: #ffffff; text-decoration-style: initial; text-decoration-color: initial; display: inline !important; float: none;\">Comenzamos el viernes a las 00:00h con la madre de las carreras, <strong>La Travesera<\/strong>. Pereira y Pablo G\u00f3mez, comenzaban una aventura espectacular a la vez de dura. Finalmente no pudieron terminarla, por corte de carrera y por problemas f\u00edsicos respectivamente. Para nosotros unos campeones y muy orgullosos de ellos.<\/span><br style=\"color: #1c1e21; font-family: Helvetica, Arial, sans-serif; font-size: 14px; font-style: normal; font-variant-ligatures: normal; font-variant-caps: normal; font-weight: 400; letter-spacing: normal; orphans: 2; text-align: start; text-indent: 0px; text-transform: none; white-space: normal; widows: 2; word-spacing: 0px; -webkit-text-stroke-width: 0px; background-color: #ffffff; text-decoration-style: initial; text-decoration-color: initial;\" \/><span style=\"color: #1c1e21; font-family: Helvetica, Arial, sans-serif; font-size: 14px; font-style: normal; font-variant-ligatures: normal; font-variant-caps: normal; font-weight: 400; letter-spacing: normal; orphans: 2; text-align: start; text-indent: 0px; text-transform: none; white-space: normal; widows: 2; word-spacing: 0px; -webkit-text-stroke-width: 0px; background-color: #ffffff; text-decoration-style: initial; text-decoration-color: initial; display: inline !important; float: none;\">&#8212;<\/span><span class=\"text_exposed_show\" style=\"display: inline; font-family: Helvetica, Arial, sans-serif; color: #1c1e21; font-size: 14px; font-style: normal; font-variant-ligatures: normal; font-variant-caps: normal; font-weight: 400; letter-spacing: normal; orphans: 2; text-align: start; text-indent: 0px; text-transform: none; white-space: normal; widows: 2; word-spacing: 0px; -webkit-text-stroke-width: 0px; background-color: #ffffff; text-decoration-style: initial; text-decoration-color: initial;\"><br \/>El s\u00e1bado Rub\u00e9n Ribero participaba en <strong>Los 10 Montes de Vitoria<\/strong> completando el circuito en 8 horas 5 minutos.<br \/>Izaro por su parte finaliz\u00f3 el <strong>KV de Fuente De<\/strong> con un tiempo de 53:08.<br \/>Isaac, Go\u00f1i y To\u00f1o fueron finishers de la <strong>Traves\u00eda Valle de Ezcaray<\/strong>.<br \/>&#8212;<br \/>Hoy domingo nuestro compa\u00f1ero Iv\u00e1n Etxebe finalizaba en primera posici\u00f3n la <strong>Dama Roja<\/strong> en su modalidad de caminata larga.<br \/>&#8212;<br \/>Enhorabuena a tod@s!!!<span class=\"_5mfr\" style=\"margin: 0px 1px; font-family: inherit;\"><span class=\"_6qdm\" style=\"background-repeat: no-repeat; background-size: contain; color: transparent; display: inline-block; text-decoration: none; text-shadow: none; vertical-align: text-bottom; font-family: inherit; height: 16px; width: 16px; font-size: 16px; background-image: url('https:\/\/static.xx.fbcdn.net\/images\/emoji.php\/v9\/tfe\/1\/16\/1f44f.png');\">&#x1f44f;<\/span><\/span><\/span><\/h4>\n<p>&nbsp;<\/p>\n<p>[\/et_pb_cta][\/et_pb_column][\/et_pb_row][et_pb_row custom_padding=\u00bb0px|30px|30px|4px|false|false\u00bb custom_padding_phone=\u00bb0px|0px|0px|0px\u00bb custom_padding_last_edited=\u00bbon|phone\u00bb _builder_version=\u00bb3.22.3&#8243; background_color=\u00bbrgba(255,255,255,0)\u00bb border_color_top=\u00bb#e09900&#8243;][et_pb_column type=\u00bb1_2&#8243; _builder_version=\u00bb3.0.47&#8243;][et_pb_image src=\u00bb\/wp-content\/uploads\/Isaac_Go\u00f1i_To\u00f1o_Valle_De_Ezcaray.jpeg\u00bb align=\u00bbcenter\u00bb _builder_version=\u00bb3.22.5&#8243; border_width_top=\u00bb6px\u00bb border_color_top=\u00bb#e09900&#8243; box_shadow_style=\u00bbpreset2&#8243; width=\u00bb46%\u00bb][\/et_pb_image][et_pb_text _builder_version=\u00bb3.22.5&#8243;]<\/p>\n<h4 style=\"text-align: center;\"><strong>Isaac &#8211; Go\u00f1i &#8211; To\u00f1o<\/strong><\/h4>\n<p>[\/et_pb_text][\/et_pb_column][et_pb_column type=\u00bb1_2&#8243; _builder_version=\u00bb3.0.47&#8243;][et_pb_image src=\u00bb\/wp-content\/uploads\/Ivan_Etxebe_Desaf\u00edo_Dama_Roja.jpeg\u00bb align=\u00bbcenter\u00bb _builder_version=\u00bb3.22.5&#8243; border_width_top=\u00bb6px\u00bb border_color_top=\u00bb#e09900&#8243; box_shadow_style=\u00bbpreset2&#8243; width=\u00bb83%\u00bb][\/et_pb_image][et_pb_text _builder_version=\u00bb3.22.5&#8243;]<\/p>\n<h4 style=\"text-align: center;\"><strong>Iv\u00e1n Etxebe<\/strong><\/h4>\n<p>[\/et_pb_text][\/et_pb_column][\/et_pb_row][et_pb_row custom_padding=\u00bb17px|30px|30px|4px|false|false\u00bb custom_padding_phone=\u00bb0px|0px|0px|0px\u00bb custom_padding_last_edited=\u00bbon|phone\u00bb _builder_version=\u00bb3.22.3&#8243; background_color=\u00bbrgba(255,255,255,0)\u00bb border_color_top=\u00bb#e09900&#8243;][et_pb_column type=\u00bb1_2&#8243; _builder_version=\u00bb3.0.47&#8243;][et_pb_image src=\u00bb\/wp-content\/uploads\/Izaro_KV_Fuente_De.jpeg\u00bb align=\u00bbcenter\u00bb _builder_version=\u00bb3.22.5&#8243; border_width_top=\u00bb6px\u00bb border_color_top=\u00bb#e09900&#8243; box_shadow_style=\u00bbpreset2&#8243; width=\u00bb39%\u00bb][\/et_pb_image][et_pb_text _builder_version=\u00bb3.22.5&#8243;]<\/p>\n<h4 style=\"text-align: center;\"><strong>Izaro<\/strong><\/h4>\n<p>[\/et_pb_text][\/et_pb_column][et_pb_column type=\u00bb1_2&#8243; _builder_version=\u00bb3.0.47&#8243;][et_pb_image src=\u00bb\/wp-content\/uploads\/Ruben_Ribero_Los_10_montes_de_Vitoria.jpeg\u00bb align=\u00bbcenter\u00bb _builder_version=\u00bb3.22.5&#8243; border_width_top=\u00bb6px\u00bb border_color_top=\u00bb#e09900&#8243; box_shadow_style=\u00bbpreset2&#8243; width=\u00bb84%\u00bb][\/et_pb_image][et_pb_text _builder_version=\u00bb3.22.5&#8243;]<\/p>\n<h4 style=\"text-align: center;\"><strong>Rub\u00e9n Ribero<\/strong><\/h4>\n<p>[\/et_pb_text][\/et_pb_column][\/et_pb_row][et_pb_row custom_padding=\u00bb15px|30px|30px|4px|false|false\u00bb custom_padding_phone=\u00bb0px|0px|0px|0px\u00bb custom_padding_last_edited=\u00bbon|phone\u00bb _builder_version=\u00bb3.22.3&#8243; background_color=\u00bbrgba(255,255,255,0)\u00bb border_color_top=\u00bb#e09900&#8243;][et_pb_column type=\u00bb1_2&#8243; _builder_version=\u00bb3.0.47&#8243;][et_pb_image src=\u00bb\/wp-content\/uploads\/Pablo_Pereira_Travesera.jpeg\u00bb align=\u00bbcenter\u00bb _builder_version=\u00bb3.22.5&#8243; border_width_top=\u00bb6px\u00bb border_color_top=\u00bb#e09900&#8243; box_shadow_style=\u00bbpreset2&#8243; width=\u00bb70%\u00bb][\/et_pb_image][et_pb_text _builder_version=\u00bb3.22.5&#8243;]<\/p>\n<h4 style=\"text-align: center;\"><strong>Pablo G\u00f3mez &#8211; Pereira<\/strong><\/h4>\n<p>[\/et_pb_text][\/et_pb_column][et_pb_column type=\u00bb1_2&#8243; _builder_version=\u00bb3.0.47&#8243;][\/et_pb_column][\/et_pb_row][\/et_pb_section][et_pb_section fb_built=\u00bb1&#8243; inner_shadow=\u00bbon\u00bb _builder_version=\u00bb3.19&#8243; background_color=\u00bb#dddddd\u00bb custom_margin=\u00bb30px||-75px|||\u00bb custom_margin_last_edited=\u00bbon|phone\u00bb custom_padding=\u00bb31px|0px|0px|0px|false|false\u00bb global_module=\u00bb180&#8243; saved_tabs=\u00bball\u00bb][et_pb_row custom_padding=\u00bb0|0px|0|0px|false|false\u00bb _builder_version=\u00bb3.22.3&#8243;][et_pb_column type=\u00bb4_4&#8243; _builder_version=\u00bb3.19&#8243;][et_pb_text _builder_version=\u00bb3.19&#8243; text_font=\u00bbSquada One||||||||\u00bb text_font_size=\u00bb38px\u00bb text_letter_spacing=\u00bb-1px\u00bb]<img decoding=\"async\" src=\"\/wp-content\/uploads\/icoNews-128.png\" width=\"39\" height=\"39\" alt=\"\" class=\"wp-image-176 alignnone size-full\" align=\"absmiddle\" style=\"margin-right: 8px; margin-top:-8px\" \/>\u00daLTIMAS NOTICIAS[\/et_pb_text][et_pb_blog fullwidth=\u00bboff\u00bb posts_number=\u00bb6&#8243; include_categories=\u00bb2&#8243; meta_date=\u00bbd\/m\/y\u00bb show_more=\u00bbon\u00bb show_author=\u00bboff\u00bb show_categories=\u00bboff\u00bb _builder_version=\u00bb3.22.5&#8243; header_font=\u00bbSquada One||||||||\u00bb header_font_size=\u00bb34px\u00bb header_letter_spacing=\u00bb-1px\u00bb body_font=\u00bb||||||||\u00bb body_font_size=\u00bb13px\u00bb body_line_height=\u00bb1.6em\u00bb meta_font=\u00bb|700|||||||\u00bb meta_text_color=\u00bb#e09900&#8243; background_color=\u00bb#dddddd\u00bb box_shadow_style=\u00bbpreset1&#8243; box_shadow_spread=\u00bb-4px\u00bb][\/et_pb_blog][\/et_pb_column][\/et_pb_row][\/et_pb_section]<\/p>\n","protected":false},"excerpt":{"rendered":"<p>El pasado domingo, 19 de Mayo, el Alpino S\u00e1mano estuvo presente el KV de Arredondo (Campeonato de Espa\u00f1a) y en los 10km de Santo\u00f1a.<\/p>\n","protected":false},"author":1,"featured_media":1848,"comment_status":"closed","ping_status":"closed","sticky":false,"template":"","format":"standard","meta":{"_et_pb_use_builder":"on","_et_pb_old_content":"<!-- wp:paragraph -->\n<p> El s\u00e1bado 15 de diciembre de 2018, se ha celebrado la comida fin de a\u00f1o, del club, alrededor de 50 socios nos hemos reunido para despedir el a\u00f1o y recordar la an\u00e9cdotas vividas...<\/p>\n<!-- \/wp:paragraph -->","_et_gb_content_width":"","footnotes":""},"categories":[2,13],"tags":[],"class_list":["post-1845","post","type-post","status-publish","format-standard","has-post-thumbnail","hentry","category-noticias","category-trail"],"amp_enabled":true,"_links":{"self":[{"href":"https:\/\/clubalpinosamano.com\/\/wp-json\/wp\/v2\/posts\/1845","targetHints":{"allow":["GET"]}}],"collection":[{"href":"https:\/\/clubalpinosamano.com\/\/wp-json\/wp\/v2\/posts"}],"about":[{"href":"https:\/\/clubalpinosamano.com\/\/wp-json\/wp\/v2\/types\/post"}],"author":[{"embeddable":true,"href":"https:\/\/clubalpinosamano.com\/\/wp-json\/wp\/v2\/users\/1"}],"replies":[{"embeddable":true,"href":"https:\/\/clubalpinosamano.com\/\/wp-json\/wp\/v2\/comments?post=1845"}],"version-history":[{"count":6,"href":"https:\/\/clubalpinosamano.com\/\/wp-json\/wp\/v2\/posts\/1845\/revisions"}],"predecessor-version":[{"id":1858,"href":"https:\/\/clubalpinosamano.com\/\/wp-json\/wp\/v2\/posts\/1845\/revisions\/1858"}],"wp:featuredmedia":[{"embeddable":true,"href":"https:\/\/clubalpinosamano.com\/\/wp-json\/wp\/v2\/media\/1848"}],"wp:attachment":[{"href":"https:\/\/clubalpinosamano.com\/\/wp-json\/wp\/v2\/media?parent=1845"}],"wp:term":[{"taxonomy":"category","embeddable":true,"href":"https:\/\/clubalpinosamano.com\/\/wp-json\/wp\/v2\/categories?post=1845"},{"taxonomy":"post_tag","embeddable":true,"href":"https:\/\/clubalpinosamano.com\/\/wp-json\/wp\/v2\/tags?post=1845"}],"curies":[{"name":"wp","href":"https:\/\/api.w.org\/{rel}","templated":true}]}}