{"id":2448,"date":"2019-10-20T19:24:07","date_gmt":"2019-10-20T17:24:07","guid":{"rendered":"http:\/\/clubalpinosamano.com\/?p=2448"},"modified":"2019-10-20T19:44:11","modified_gmt":"2019-10-20T17:44:11","slug":"2019-edp-la-sobanuca","status":"publish","type":"post","link":"https:\/\/clubalpinosamano.com\/\/2019-edp-la-sobanuca\/","title":{"rendered":"EDP &#8211; Trail La Sobanuca"},"content":{"rendered":"\n\n[et_pb_section fb_built=\u00bb1&#8243; next_background_color=\u00bb#f0f3f6&#8243; admin_label=\u00bbHeader\u00bb _builder_version=\u00bb3.22.5&#8243; use_background_color_gradient=\u00bbon\u00bb background_color_gradient_start=\u00bbrgba(0,0,0,0.45)\u00bb background_color_gradient_end=\u00bbrgba(237,158,0,0.5)\u00bb background_color_gradient_direction=\u00bb135deg\u00bb background_color_gradient_start_position=\u00bb61%\u00bb background_color_gradient_end_position=\u00bb60%\u00bb background_color_gradient_overlays_image=\u00bbon\u00bb background_image=\u00bb\/wp-content\/uploads\/Paisaje_Refugio_Urriellu.jpg\u00bb custom_padding=\u00bb4vw|0px|0px|0px|false|false\u00bb bottom_divider_style=\u00bbmountains2&#8243; bottom_divider_flip=\u00bbhorizontal\u00bb][et_pb_row custom_padding=\u00bb27px|0px|117px|0|false|false\u00bb _builder_version=\u00bb3.25&#8243; custom_width_px=\u00bb1280px\u00bb][et_pb_column type=\u00bb4_4&#8243; _builder_version=\u00bb3.25&#8243; custom_padding=\u00bb|||\u00bb custom_padding__hover=\u00bb|||\u00bb][et_pb_text _builder_version=\u00bb3.25.3&#8243; text_font=\u00bbOpen Sans||||||||\u00bb text_text_color=\u00bb#ffffff\u00bb text_font_size=\u00bb15px\u00bb text_line_height=\u00bb20px\u00bb header_font=\u00bbSquada One|||on|||||\u00bb header_font_size=\u00bb71px\u00bb header_letter_spacing=\u00bb-1px\u00bb header_line_height=\u00bb0.9em\u00bb header_2_font=\u00bbSquada One||||||||\u00bb header_2_font_size=\u00bb60px\u00bb header_2_letter_spacing=\u00bb-1px\u00bb header_2_line_height=\u00bb55px\u00bb background_layout=\u00bbdark\u00bb max_width=\u00bb700px\u00bb custom_padding=\u00bb||0px|||\u00bb animation_style=\u00bbfade\u00bb text_font_size_phone=\u00bb13px\u00bb text_font_size_last_edited=\u00bbon|desktop\u00bb text_line_height_tablet=\u00bb18px\u00bb text_line_height_phone=\u00bb15px\u00bb text_line_height_last_edited=\u00bbon|desktop\u00bb header_font_size_phone=\u00bb32px\u00bb header_font_size_last_edited=\u00bbon|phone\u00bb header_2_font_size_tablet=\u00bb40px\u00bb header_2_font_size_phone=\u00bb31px\u00bb header_2_font_size_last_edited=\u00bbon|phone\u00bb header_2_line_height_tablet=\u00bb31.2px\u00bb header_2_line_height_phone=\u00bb29.1px\u00bb header_2_line_height_last_edited=\u00bbon|desktop\u00bb]<hgroup>\n<h2 class=\"titulo\">EDP BILBAO NIGHT MARATHON &#8211; LA SOBANUCA<\/h2>\n<\/hgroup>\n<p><span color=\"#ffffff\" style=\"color: #ffffff;\">Este fin de semana nuestros alpinos se han dado cita en 2 pruebas compl\u00e9tamente distintas. Asfalto y monta\u00f1a las dos grandes protagonistas.<\/span><\/p>\n[\/et_pb_text][\/et_pb_column][\/et_pb_row][\/et_pb_section][et_pb_section fb_built=\u00bb1&#8243; admin_label=\u00bbBarra direcciones\u00bb _builder_version=\u00bb3.22.3&#8243; background_color=\u00bb#f0f3f6&#8243; custom_padding=\u00bb10px|0px|6px|0px|false|false\u00bb][et_pb_row custom_padding=\u00bb3px|0px|10px|0px|false|false\u00bb _builder_version=\u00bb3.25&#8243;][et_pb_column type=\u00bb4_4&#8243; _builder_version=\u00bb3.25&#8243; custom_padding=\u00bb|||\u00bb custom_padding__hover=\u00bb|||\u00bb][et_pb_text _builder_version=\u00bb3.19.11&#8243; link_font=\u00bb|600|||||||\u00bb link_text_color=\u00bb#e09900&#8243;]<div style=\"float: left; margin-right: -8px;\"><a href=\"\/\"><img decoding=\"async\" src=\"\/wp-content\/uploads\/icoHome-48.png\" width=\"30\" height=\"30\" alt=\"\" class=\"wp-image-325 alignleft size-full\" style=\"float: left;\" \/><\/a><\/div>\n<div style=\"float: left; margin-right: 8px;\"><a href=\"\/\">HOME<\/a>\u00a0 |<\/div>\n<div style=\"float: left; margin-right: -8px;\"><a href=\"\/noticias\"><img decoding=\"async\" src=\"\/wp-content\/uploads\/icoNews-48.png\" width=\"30\" height=\"30\" alt=\"\" class=\"wp-image-325 alignleft size-full\" style=\"float: left;\" \/><\/a><\/div>\n<div style=\"float: left; margin-right: 8px;\"><a href=\"\/noticias\">NOTICIAS\u00a0<\/a><\/div>[\/et_pb_text][\/et_pb_column][\/et_pb_row][\/et_pb_section][et_pb_section fb_built=\u00bb1&#8243; admin_label=\u00bbContenido\u00bb _builder_version=\u00bb3.22.3&#8243; background_color=\u00bb#f0f3f6&#8243; custom_margin=\u00bb0px||-76px\u00bb custom_margin_tablet=\u00bb||-53px\u00bb custom_margin_phone=\u00bb||-52px\u00bb custom_margin_last_edited=\u00bbon|phone\u00bb custom_padding=\u00bb2px|0px|77px|0px|false|false\u00bb][et_pb_row custom_padding=\u00bb0px|30px|7px|4px|false|false\u00bb custom_padding_phone=\u00bb0px|0px|0px|0px\u00bb custom_padding_last_edited=\u00bbon|phone\u00bb _builder_version=\u00bb3.25&#8243; background_color=\u00bbrgba(255,255,255,0)\u00bb border_color_top=\u00bb#e09900&#8243; width_tablet=\u00bb90%\u00bb width_phone=\u00bb90%\u00bb width_last_edited=\u00bbon|tablet\u00bb][et_pb_column type=\u00bb4_4&#8243; _builder_version=\u00bb3.25&#8243; custom_padding=\u00bb|||\u00bb custom_padding__hover=\u00bb|||\u00bb][et_pb_cta button_url=\u00bb#\u00bb admin_label=\u00bbLlamada a la acci\u00f3n\u00bb _builder_version=\u00bb3.25.3&#8243; header_font=\u00bbSquada One||||||||\u00bb header_font_size=\u00bb40px\u00bb body_font=\u00bbOpen Sans||||||||\u00bb body_line_height=\u00bb1.8em\u00bb background_color=\u00bb#ffffff\u00bb border_color_all=\u00bb#e09900&#8243; border_width_top=\u00bb8px\u00bb custom_button=\u00bbon\u00bb button_text_color=\u00bb#ffffff\u00bb button_bg_color=\u00bb#00aaff\u00bb button_border_width=\u00bb5px\u00bb button_border_color=\u00bbrgba(0,0,0,0)\u00bb button_border_radius=\u00bb0px\u00bb button_font=\u00bbSquada One|||on|||||\u00bb box_shadow_style=\u00bbpreset1&#8243; box_shadow_color=\u00bbrgba(0,0,0,0.1)\u00bb text_orientation=\u00bbleft\u00bb background_layout=\u00bblight\u00bb header_font_size_tablet=\u00bb35px\u00bb header_font_size_phone=\u00bb25px\u00bb header_font_size_last_edited=\u00bbon|phone\u00bb body_font_size_phone=\u00bb15px\u00bb body_font_size_last_edited=\u00bbon|phone\u00bb button_border_radius_hover=\u00bb0px\u00bb button_text_size__hover_enabled=\u00bboff\u00bb button_one_text_size__hover_enabled=\u00bboff\u00bb button_two_text_size__hover_enabled=\u00bboff\u00bb button_text_color__hover_enabled=\u00bboff\u00bb button_one_text_color__hover_enabled=\u00bboff\u00bb button_two_text_color__hover_enabled=\u00bboff\u00bb button_border_width__hover_enabled=\u00bboff\u00bb button_one_border_width__hover_enabled=\u00bboff\u00bb button_two_border_width__hover_enabled=\u00bboff\u00bb button_border_color__hover_enabled=\u00bboff\u00bb button_one_border_color__hover_enabled=\u00bboff\u00bb button_two_border_color__hover_enabled=\u00bboff\u00bb button_border_radius__hover_enabled=\u00bbon\u00bb button_border_radius__hover=\u00bb0px\u00bb button_one_border_radius__hover_enabled=\u00bboff\u00bb button_two_border_radius__hover_enabled=\u00bboff\u00bb button_letter_spacing__hover_enabled=\u00bboff\u00bb button_one_letter_spacing__hover_enabled=\u00bboff\u00bb button_two_letter_spacing__hover_enabled=\u00bboff\u00bb button_bg_color__hover_enabled=\u00bboff\u00bb button_one_bg_color__hover_enabled=\u00bboff\u00bb button_two_bg_color__hover_enabled=\u00bboff\u00bb]<strong>DEL ASFALTO A LA MONTA\u00d1A!!!<\/strong>\n<span>&#8212;<\/span>\n<span>En el d\u00eda de ayer, varios integrantes del club participaban en la\u00a0<\/span><a class=\"profileLink\" href=\"https:\/\/www.edpbilbaomarathon.com\/index.html\" data-hovercard=\"\/ajax\/hovercard\/page.php?id=587788457915265&amp;extragetparams=%7B%22__tn__%22%3A%22%2CdK-R-R%22%2C%22eid%22%3A%22ARBqIgXeO-wfq779ys35c7V3k4CJQXgDoHueFFuCGVLm586XJwTCfQrPsgo1K2Y2cQzDb24Ftyv_nW4e%22%2C%22fref%22%3A%22mentions%22%7D\" data-hovercard-prefer-more-content-show=\"1\" target=\"_blank\" rel=\"noopener noreferrer\">EDP Bilbao Night Marathon<\/a><span>\u00a0en su modalidad de <strong>media marat\u00f3n<\/strong>\u00a0<\/span><span class=\"_5mfr\"><span class=\"_6qdm\">&#x1f44c;<\/span><\/span>\n<span>&#8212;<\/span>\n<span>Y hoy, a pesar del d\u00eda y de la cantidad de agua ca\u00edda, nuestros alpinos se dieron cita en\u00a0<\/span><a class=\"profileLink\" href=\"http:\/\/sobanuca.com\/\" data-hovercard=\"\/ajax\/hovercard\/page.php?id=694488680645251&amp;extragetparams=%7B%22__tn__%22%3A%22%2CdK-R-R%22%2C%22eid%22%3A%22ARDL3vE6b2cGxmpUXkXhB3BsM0IRDJp9QaVQ23C0pffXUMhgOvXo4LrYWRf-4NGVO1vhuS2fkGoPxLQ7%22%2C%22fref%22%3A%22mentions%22%7D\" data-hovercard-prefer-more-content-show=\"1\" target=\"_blank\" rel=\"noopener noreferrer\">La Sobanuca<\/a><span>, finalizando y disfrutando la prueba como se merece\u00a0<\/span><span class=\"_5mfr\"><span class=\"_6qdm\">&#x1f44c;<\/span><\/span>\n<span>&#8212;<\/span>\n<span>Muy grandes todos los alpinos, que una vez m\u00e1s demuestran que bien por asfalto bien por monta\u00f1a, la cuesti\u00f3n es disfrutar del deporte y de la vida\u00a0<\/span><span class=\"_5mfr\"><span class=\"_6qdm\">&#x1f44f;<\/span><\/span>\n\n<span style=\"font-size: 14px;\"><\/span>[\/et_pb_cta][\/et_pb_column][\/et_pb_row][et_pb_row custom_padding=\u00bb0px|30px|8px|4px|false|false\u00bb custom_padding_phone=\u00bb0px|0px|0px|0px\u00bb custom_padding_last_edited=\u00bbon|phone\u00bb _builder_version=\u00bb3.25&#8243; background_color=\u00bbrgba(255,255,255,0)\u00bb border_color_top=\u00bb#e09900&#8243; width_tablet=\u00bb90%\u00bb width_phone=\u00bb90%\u00bb width_last_edited=\u00bbon|tablet\u00bb column_structure=\u00bb1_3,1_3,1_3&#8243;][et_pb_column type=\u00bb1_3&#8243; _builder_version=\u00bb3.25&#8243; custom_padding=\u00bb|||\u00bb custom_padding__hover=\u00bb|||\u00bb][et_pb_image src=\u00bb\/wp-content\/uploads\/La-Sobanuca-2019_1.jpeg\u00bb show_in_lightbox=\u00bbon\u00bb use_overlay=\u00bbon\u00bb overlay_icon_color=\u00bb#ffffff\u00bb hover_overlay_color=\u00bbrgba(0,0,0,0.33)\u00bb hover_icon=\u00bb%%51%%\u00bb align_tablet=\u00bbcenter\u00bb align_last_edited=\u00bbon|desktop\u00bb _builder_version=\u00bb3.25.3&#8243; border_width_all=\u00bb8px\u00bb border_color_all=\u00bb#ffffff\u00bb][\/et_pb_image][\/et_pb_column][et_pb_column type=\u00bb1_3&#8243; _builder_version=\u00bb3.25&#8243; custom_padding=\u00bb|||\u00bb custom_padding__hover=\u00bb|||\u00bb][et_pb_image src=\u00bb\/wp-content\/uploads\/Alpino-S\u00e1mano-en-la-EDP.jpeg\u00bb show_in_lightbox=\u00bbon\u00bb use_overlay=\u00bbon\u00bb overlay_icon_color=\u00bb#ffffff\u00bb hover_overlay_color=\u00bbrgba(0,0,0,0.33)\u00bb hover_icon=\u00bb%%51%%\u00bb align_tablet=\u00bbcenter\u00bb align_last_edited=\u00bbon|desktop\u00bb _builder_version=\u00bb3.25.3&#8243; border_width_all=\u00bb8px\u00bb border_color_all=\u00bb#ffffff\u00bb][\/et_pb_image][\/et_pb_column][et_pb_column type=\u00bb1_3&#8243; _builder_version=\u00bb3.25&#8243; custom_padding=\u00bb|||\u00bb custom_padding__hover=\u00bb|||\u00bb][et_pb_image src=\u00bb\/wp-content\/uploads\/La-Sobanuca-2019_2.jpeg\u00bb show_in_lightbox=\u00bbon\u00bb use_overlay=\u00bbon\u00bb overlay_icon_color=\u00bb#ffffff\u00bb hover_overlay_color=\u00bbrgba(0,0,0,0.33)\u00bb hover_icon=\u00bb%%51%%\u00bb align_tablet=\u00bbcenter\u00bb align_last_edited=\u00bbon|desktop\u00bb _builder_version=\u00bb3.25.3&#8243; border_width_all=\u00bb8px\u00bb border_color_all=\u00bb#ffffff\u00bb][\/et_pb_image][\/et_pb_column][\/et_pb_row][\/et_pb_section][et_pb_section fb_built=\u00bb1&#8243; inner_shadow=\u00bbon\u00bb _builder_version=\u00bb3.19&#8243; background_color=\u00bb#dddddd\u00bb custom_margin=\u00bb30px||-75px|||\u00bb custom_margin_last_edited=\u00bbon|phone\u00bb custom_padding=\u00bb31px|0px|0px|0px|false|false\u00bb global_module=\u00bb180&#8243; saved_tabs=\u00bball\u00bb][et_pb_row custom_padding=\u00bb0|0px|0|0px|false|false\u00bb _builder_version=\u00bb3.25&#8243;][et_pb_column type=\u00bb4_4&#8243; _builder_version=\u00bb3.25&#8243; custom_padding=\u00bb|||\u00bb custom_padding__hover=\u00bb|||\u00bb][et_pb_text _builder_version=\u00bb3.19&#8243; text_font=\u00bbSquada One||||||||\u00bb text_font_size=\u00bb38px\u00bb text_letter_spacing=\u00bb-1px\u00bb]<img decoding=\"async\" src=\"\/wp-content\/uploads\/icoNews-128.png\" width=\"39\" height=\"39\" alt=\"\" class=\"wp-image-176 alignnone size-full\" align=\"absmiddle\" style=\"margin-right: 8px; margin-top:-8px\" \/>\u00daLTIMAS NOTICIAS[\/et_pb_text][et_pb_blog fullwidth=\u00bboff\u00bb posts_number=\u00bb6&#8243; include_categories=\u00bb2&#8243; meta_date=\u00bbd\/m\/y\u00bb show_more=\u00bbon\u00bb show_author=\u00bboff\u00bb show_categories=\u00bboff\u00bb _builder_version=\u00bb3.22.5&#8243; header_font=\u00bbSquada One||||||||\u00bb header_font_size=\u00bb34px\u00bb header_letter_spacing=\u00bb-1px\u00bb body_font=\u00bb||||||||\u00bb body_font_size=\u00bb13px\u00bb body_line_height=\u00bb1.6em\u00bb meta_font=\u00bb|700|||||||\u00bb meta_text_color=\u00bb#e09900&#8243; background_color=\u00bb#dddddd\u00bb box_shadow_style=\u00bbpreset1&#8243; box_shadow_spread=\u00bb-4px\u00bb][\/et_pb_blog][\/et_pb_column][\/et_pb_row][\/et_pb_section]\n\n","protected":false},"excerpt":{"rendered":"<p>DEL ASFALTO A LA MONTA\u00d1A!!!<br \/>\n&#8212;<br \/>\nEn el d\u00eda de ayer, varios integrantes del club participaban en la EDP Bilbao Night Marathon en su modalidad de media marat\u00f3n &#x1f44c;<br \/>\n&#8212;<br \/>\nY hoy, a pesar del d\u00eda y de la cantidad de agua ca\u00edda, nuestros alpinos se dieron cita en La Sobanuca, finalizando y disfrutando la prueba como se merece &#x1f44c;<\/p>\n","protected":false},"author":1,"featured_media":2451,"comment_status":"closed","ping_status":"closed","sticky":false,"template":"","format":"standard","meta":{"_et_pb_use_builder":"on","_et_pb_old_content":"<!-- wp:paragraph -->\n<p> El s\u00e1bado 15 de diciembre de 2018, se ha celebrado la comida fin de a\u00f1o, del club, alrededor de 50 socios nos hemos reunido para despedir el a\u00f1o y recordar la an\u00e9cdotas vividas...<\/p>\n<!-- \/wp:paragraph -->","_et_gb_content_width":"","footnotes":""},"categories":[2,13],"tags":[],"class_list":["post-2448","post","type-post","status-publish","format-standard","has-post-thumbnail","hentry","category-noticias","category-trail"],"amp_enabled":true,"_links":{"self":[{"href":"https:\/\/clubalpinosamano.com\/\/wp-json\/wp\/v2\/posts\/2448","targetHints":{"allow":["GET"]}}],"collection":[{"href":"https:\/\/clubalpinosamano.com\/\/wp-json\/wp\/v2\/posts"}],"about":[{"href":"https:\/\/clubalpinosamano.com\/\/wp-json\/wp\/v2\/types\/post"}],"author":[{"embeddable":true,"href":"https:\/\/clubalpinosamano.com\/\/wp-json\/wp\/v2\/users\/1"}],"replies":[{"embeddable":true,"href":"https:\/\/clubalpinosamano.com\/\/wp-json\/wp\/v2\/comments?post=2448"}],"version-history":[{"count":4,"href":"https:\/\/clubalpinosamano.com\/\/wp-json\/wp\/v2\/posts\/2448\/revisions"}],"predecessor-version":[{"id":2458,"href":"https:\/\/clubalpinosamano.com\/\/wp-json\/wp\/v2\/posts\/2448\/revisions\/2458"}],"wp:featuredmedia":[{"embeddable":true,"href":"https:\/\/clubalpinosamano.com\/\/wp-json\/wp\/v2\/media\/2451"}],"wp:attachment":[{"href":"https:\/\/clubalpinosamano.com\/\/wp-json\/wp\/v2\/media?parent=2448"}],"wp:term":[{"taxonomy":"category","embeddable":true,"href":"https:\/\/clubalpinosamano.com\/\/wp-json\/wp\/v2\/categories?post=2448"},{"taxonomy":"post_tag","embeddable":true,"href":"https:\/\/clubalpinosamano.com\/\/wp-json\/wp\/v2\/tags?post=2448"}],"curies":[{"name":"wp","href":"https:\/\/api.w.org\/{rel}","templated":true}]}}