{"id":716,"date":"2018-01-13T19:48:52","date_gmt":"2018-01-13T18:48:52","guid":{"rendered":"http:\/\/clubalpinosamano.azurewebsites.net\/?p=716"},"modified":"2019-04-30T19:59:57","modified_gmt":"2019-04-30T17:59:57","slug":"2018-excursion-a-portillo-de-la-sia-picon-blanco","status":"publish","type":"post","link":"https:\/\/clubalpinosamano.com\/\/2018-excursion-a-portillo-de-la-sia-picon-blanco\/","title":{"rendered":"Excursi\u00f3n a Portillo de la Sia &#8211; Pic\u00f3n Blanco"},"content":{"rendered":"<p>[et_pb_section fb_built=\u00bb1&#8243; next_background_color=\u00bb#f0f3f6&#8243; admin_label=\u00bbHeader\u00bb _builder_version=\u00bb3.22.5&#8243; use_background_color_gradient=\u00bbon\u00bb background_color_gradient_start=\u00bbrgba(0,0,0,0.45)\u00bb background_color_gradient_end=\u00bbrgba(237,158,0,0.5)\u00bb background_color_gradient_direction=\u00bb135deg\u00bb background_color_gradient_start_position=\u00bb61%\u00bb background_color_gradient_end_position=\u00bb60%\u00bb background_color_gradient_overlays_image=\u00bbon\u00bb background_image=\u00bb\/wp-content\/uploads\/2018-excursion-a-portillo-de-la-sia-picon-blanco-01.jpg\u00bb custom_padding=\u00bb4vw|0px|0px|0px|false|false\u00bb bottom_divider_style=\u00bbmountains2&#8243; bottom_divider_flip=\u00bbhorizontal\u00bb][et_pb_row custom_padding=\u00bb27px|0px|117px|0|false|false\u00bb _builder_version=\u00bb3.22.3&#8243; custom_width_px=\u00bb1280px\u00bb][et_pb_column type=\u00bb4_4&#8243; _builder_version=\u00bb3.0.47&#8243;][et_pb_text _builder_version=\u00bb3.22.5&#8243; text_font=\u00bbOpen Sans||||||||\u00bb text_font_size=\u00bb16px\u00bb text_font_size_phone=\u00bb12px\u00bb text_font_size_last_edited=\u00bbon|desktop\u00bb text_line_height=\u00bb1.8em\u00bb text_line_height_phone=\u00bb1.4em\u00bb text_line_height_last_edited=\u00bbon|desktop\u00bb header_font=\u00bbSquada One|||on|||||\u00bb header_font_size=\u00bb71px\u00bb header_font_size_phone=\u00bb32px\u00bb header_font_size_last_edited=\u00bbon|phone\u00bb header_letter_spacing=\u00bb-1px\u00bb header_line_height=\u00bb0.9em\u00bb background_layout=\u00bbdark\u00bb max_width=\u00bb700px\u00bb custom_padding=\u00bb||0px|||\u00bb animation_style=\u00bbfade\u00bb]<\/p>\n<h1>Excursi\u00f3n a Portillo de la Sia-Pic\u00f3n Blanco<\/h1>\n<p>Este s\u00e1bado 13 de enero de 2018, un grupo de miembros del Club Alpino S\u00e1mano y algunos amigos que se nos han unido, en total 20 nos hemos acercado al Portillo de la Sia, con la idea de ir hasta el Pic\u00f3n Blanco<\/p>\n<p>[\/et_pb_text][\/et_pb_column][\/et_pb_row][\/et_pb_section][et_pb_section fb_built=\u00bb1&#8243; admin_label=\u00bbBarra direcciones\u00bb _builder_version=\u00bb3.22.3&#8243; background_color=\u00bb#f0f3f6&#8243; custom_padding=\u00bb10px|0px|6px|0px|false|false\u00bb][et_pb_row custom_padding=\u00bb3px|0px|10px|0px|false|false\u00bb _builder_version=\u00bb3.22.3&#8243;][et_pb_column type=\u00bb4_4&#8243; _builder_version=\u00bb3.19.11&#8243;][et_pb_text _builder_version=\u00bb3.19.11&#8243; link_font=\u00bb|600|||||||\u00bb link_text_color=\u00bb#e09900&#8243;]<\/p>\n<div style=\"float: left; margin-right: -8px;\"><a href=\"\/\"><img decoding=\"async\" src=\"\/wp-content\/uploads\/icoHome-48.png\" width=\"30\" height=\"30\" alt=\"\" class=\"wp-image-325 alignleft size-full\" style=\"float: left;\" \/><\/a><\/div>\n<div style=\"float: left; margin-right: 8px;\"><a href=\"\/\">HOME<\/a>\u00a0 |<\/div>\n<div style=\"float: left; margin-right: -8px;\"><a href=\"\/noticias\"><img decoding=\"async\" src=\"\/wp-content\/uploads\/icoNews-48.png\" width=\"30\" height=\"30\" alt=\"\" class=\"wp-image-325 alignleft size-full\" style=\"float: left;\" \/><\/a><\/div>\n<div style=\"float: left; margin-right: 8px;\"><a href=\"\/noticias\">NOTICIAS\u00a0<\/a><\/div>\n<p>[\/et_pb_text][\/et_pb_column][\/et_pb_row][\/et_pb_section][et_pb_section fb_built=\u00bb1&#8243; admin_label=\u00bbContenido\u00bb _builder_version=\u00bb3.22.3&#8243; background_color=\u00bb#f0f3f6&#8243; custom_margin=\u00bb0px||-76px\u00bb custom_margin_tablet=\u00bb||-53px\u00bb custom_margin_phone=\u00bb||-52px\u00bb custom_margin_last_edited=\u00bbon|phone\u00bb custom_padding=\u00bb2px|0px|77px|0px|false|false\u00bb][et_pb_row custom_padding=\u00bb0px|30px|30px|4px|false|false\u00bb custom_padding_phone=\u00bb0px|0px|0px|0px\u00bb custom_padding_last_edited=\u00bbon|phone\u00bb _builder_version=\u00bb3.22.3&#8243; background_color=\u00bbrgba(255,255,255,0)\u00bb border_color_top=\u00bb#e09900&#8243;][et_pb_column type=\u00bb3_4&#8243; _builder_version=\u00bb3.0.47&#8243;][et_pb_cta button_url=\u00bb#\u00bb admin_label=\u00bbLlamada a la acci\u00f3n\u00bb _builder_version=\u00bb3.19.11&#8243; header_font=\u00bbSquada One||||||||\u00bb header_font_size=\u00bb40px\u00bb header_font_size_tablet=\u00bb35px\u00bb header_font_size_phone=\u00bb25px\u00bb header_font_size_last_edited=\u00bbon|phone\u00bb body_font=\u00bbOpen Sans||||||||\u00bb body_line_height=\u00bb1.8em\u00bb background_color=\u00bb#ffffff\u00bb border_color_all=\u00bb#e09900&#8243; border_width_top=\u00bb8px\u00bb custom_button=\u00bbon\u00bb button_text_color=\u00bb#ffffff\u00bb button_bg_color=\u00bb#00aaff\u00bb button_border_width=\u00bb5px\u00bb button_border_color=\u00bbrgba(0,0,0,0)\u00bb button_border_radius=\u00bb0px\u00bb button_font=\u00bbSquada One|||on|||||\u00bb box_shadow_style=\u00bbpreset1&#8243; box_shadow_color=\u00bbrgba(0,0,0,0.1)\u00bb text_orientation=\u00bbleft\u00bb background_layout=\u00bblight\u00bb button_border_radius_hover=\u00bb0px\u00bb button_text_size__hover_enabled=\u00bboff\u00bb button_one_text_size__hover_enabled=\u00bboff\u00bb button_two_text_size__hover_enabled=\u00bboff\u00bb button_text_color__hover_enabled=\u00bboff\u00bb button_one_text_color__hover_enabled=\u00bboff\u00bb button_two_text_color__hover_enabled=\u00bboff\u00bb button_border_width__hover_enabled=\u00bboff\u00bb button_one_border_width__hover_enabled=\u00bboff\u00bb button_two_border_width__hover_enabled=\u00bboff\u00bb button_border_color__hover_enabled=\u00bboff\u00bb button_one_border_color__hover_enabled=\u00bboff\u00bb button_two_border_color__hover_enabled=\u00bboff\u00bb button_border_radius__hover_enabled=\u00bbon\u00bb button_border_radius__hover=\u00bb0px\u00bb button_one_border_radius__hover_enabled=\u00bboff\u00bb button_two_border_radius__hover_enabled=\u00bboff\u00bb button_letter_spacing__hover_enabled=\u00bboff\u00bb button_one_letter_spacing__hover_enabled=\u00bboff\u00bb button_two_letter_spacing__hover_enabled=\u00bboff\u00bb button_bg_color__hover_enabled=\u00bboff\u00bb button_one_bg_color__hover_enabled=\u00bboff\u00bb button_two_bg_color__hover_enabled=\u00bboff\u00bb]<\/p>\n<p><a href=\"\/wp-content\/uploads\/2018_12_15_Comida_Club_Alpino_Samano.jpg\" class=\"et_pb_image_wrap\"><\/a>Hola a tod@s<\/p>\n<p>Este s\u00e1bado 13 de enero de 2018, un grupo de miembros del Club Alpino S\u00e1mano y algunos amigos que se nos han unido, en total 20 nos hemos acercado al Portillo de la Sia, con la idea de ir hasta el Pic\u00f3n Blanco.<\/p>\n<p>La idea era usar raquetas, ya que para muchos de nosotros era la primera vez.<\/p>\n<p>Nada m\u00e1s llegar a la Sia, nos ha recibido un fuerte viento que nos ha complicado la preparaci\u00f3n para empezar la ruta, as\u00ed todo hemos comenzado a andar direcci\u00f3n al Pic\u00f3n Blanco, habr\u00edamos recorrido unos tres km, y muy a pesar nuestro hemos tenido que tomar la decisi\u00f3n de volver sin haber llegado a la cima, ya que las rachas de viento eran fuert\u00edsimas, haciendo pr\u00e1cticamente imposible mantenerse de pie.<\/p>\n<p>En tan buena hora tomamos la decisi\u00f3n ya que comenz\u00f3 a echarse la niebla y empezaba a nevar, llegando a los coches en una situaci\u00f3n muy comprometida<\/p>\n<p>Una vez terminada la ruta nos hemos desplazado a la poblaci\u00f3n de As\u00f3n, donde hemos dado buena cuenta de un estupendo men\u00fa en el restaurante Coventosa (muy recomendable), total, que lo hemos pasado de cine y ahora sabemos lo que es andar con raquetas por la nieve.<\/p>\n<p>Nos queda pendiente volver ha intentarlo<\/p>\n<p>Como siempre queremos haceros participes de nuestras salidas y de lo que disfrutamos por medio de fotograf\u00edas, as\u00ed que aqu\u00ed os dejo unas fotos que sacamos en el recorrido.<\/p>\n<p>&nbsp;<\/p>\n<p>[\/et_pb_cta][\/et_pb_column][et_pb_column type=\u00bb1_4&#8243; _builder_version=\u00bb3.0.47&#8243;][et_pb_image src=\u00bb\/wp-content\/uploads\/2018-excursion-a-portillo-de-la-sia-picon-blanco-01.jpg\u00bb show_in_lightbox=\u00bbon\u00bb use_overlay=\u00bbon\u00bb overlay_icon_color=\u00bb#ffffff\u00bb hover_overlay_color=\u00bbrgba(0,0,0,0.33)\u00bb hover_icon=\u00bb%%51%%\u00bb _builder_version=\u00bb3.22.5&#8243; border_width_all=\u00bb8px\u00bb border_color_all=\u00bb#ffffff\u00bb][\/et_pb_image][et_pb_image src=\u00bb\/wp-content\/uploads\/2018-excursion-a-portillo-de-la-sia-picon-blanco-02.jpg\u00bb show_in_lightbox=\u00bbon\u00bb use_overlay=\u00bbon\u00bb overlay_icon_color=\u00bb#ffffff\u00bb hover_overlay_color=\u00bbrgba(0,0,0,0.33)\u00bb hover_icon=\u00bb%%51%%\u00bb _builder_version=\u00bb3.22.5&#8243; border_width_all=\u00bb8px\u00bb border_color_all=\u00bb#ffffff\u00bb][\/et_pb_image][et_pb_image src=\u00bb\/wp-content\/uploads\/2018-excursion-a-portillo-de-la-sia-picon-blanco-03.jpg\u00bb show_in_lightbox=\u00bbon\u00bb use_overlay=\u00bbon\u00bb overlay_icon_color=\u00bb#ffffff\u00bb hover_overlay_color=\u00bbrgba(0,0,0,0.33)\u00bb hover_icon=\u00bb%%51%%\u00bb _builder_version=\u00bb3.22.5&#8243; border_width_all=\u00bb8px\u00bb border_color_all=\u00bb#ffffff\u00bb][\/et_pb_image][\/et_pb_column][\/et_pb_row][et_pb_row custom_padding=\u00bb|30px||30px\u00bb _builder_version=\u00bb3.22.3&#8243;][et_pb_column type=\u00bb1_4&#8243; _builder_version=\u00bb3.19&#8243;][et_pb_button button_url=\u00bbhttps:\/\/photos.app.goo.gl\/CfNnrTqkpmcFxQHg2&#8243; url_new_window=\u00bbon\u00bb button_text=\u00bbGaler\u00eda de Fotos\u00bb button_alignment=\u00bbcenter\u00bb admin_label=\u00bbBot\u00f3n\u00bb _builder_version=\u00bb3.22.5&#8243; custom_button=\u00bbon\u00bb button_text_color=\u00bb#ffffff\u00bb button_bg_color=\u00bb#e09900&#8243; button_border_width=\u00bb1px\u00bb button_font=\u00bbOpen Sans||||||||\u00bb button_icon=\u00bb%%99%%\u00bb button_icon_color=\u00bb#ffffff\u00bb button_icon_placement=\u00bbleft\u00bb button_on_hover=\u00bboff\u00bb button_text_shadow_style=\u00bbpreset4&#8243; global_module=\u00bb146&#8243; saved_tabs=\u00bball\u00bb button_bg_color__hover_enabled=\u00bbon\u00bb button_bg_color__hover=\u00bb#ffae00&#8243;][\/et_pb_button][\/et_pb_column][et_pb_column type=\u00bb1_4&#8243; _builder_version=\u00bb3.19&#8243;][\/et_pb_column][et_pb_column type=\u00bb1_4&#8243; _builder_version=\u00bb3.19&#8243;][\/et_pb_column][et_pb_column type=\u00bb1_4&#8243; _builder_version=\u00bb3.19&#8243;][\/et_pb_column][\/et_pb_row][\/et_pb_section][et_pb_section fb_built=\u00bb1&#8243; inner_shadow=\u00bbon\u00bb _builder_version=\u00bb3.19&#8243; background_color=\u00bb#dddddd\u00bb custom_margin=\u00bb||-75px\u00bb custom_margin_last_edited=\u00bbon|phone\u00bb custom_padding=\u00bb33px|0px|0px|0px|false|false\u00bb global_module=\u00bb180&#8243; saved_tabs=\u00bball\u00bb][et_pb_row custom_padding=\u00bb0|0px|0|0px|false|false\u00bb background_color_1=\u00bb##dddddd\u00bb _builder_version=\u00bb3.22.3&#8243; background_color=\u00bb##dddddd\u00bb][et_pb_column type=\u00bb4_4&#8243; _builder_version=\u00bb3.19&#8243;][et_pb_text _builder_version=\u00bb3.19&#8243; text_font=\u00bbSquada One||||||||\u00bb text_font_size=\u00bb38px\u00bb text_letter_spacing=\u00bb-1px\u00bb]<img decoding=\"async\" src=\"\/wp-content\/uploads\/icoNews-128.png\" width=\"39\" height=\"39\" alt=\"\" class=\"wp-image-176 alignnone size-full\" align=\"absmiddle\" style=\"margin-right: 8px; margin-top:-8px\" \/>\u00daLTIMAS NOTICIAS[\/et_pb_text][et_pb_blog fullwidth=\u00bboff\u00bb posts_number=\u00bb4&#8243; include_categories=\u00bb2&#8243; show_more=\u00bbon\u00bb show_author=\u00bboff\u00bb show_categories=\u00bboff\u00bb _builder_version=\u00bb3.19&#8243; background_color=\u00bb#dddddd\u00bb box_shadow_style=\u00bbpreset1&#8243; box_shadow_spread=\u00bb-4px\u00bb][\/et_pb_blog][\/et_pb_column][\/et_pb_row][\/et_pb_section]<\/p>\n","protected":false},"excerpt":{"rendered":"<p>El s\u00e1bado 13 de enero de 2018, un grupo de miembros del Club Alpino S\u00e1mano y algunos amigos que se nos han unido, en total 20 nos hemos acercado al Portillo de la Sia, con la idea de ir hasta el Pic\u00f3n Blanco.<\/p>\n","protected":false},"author":1,"featured_media":719,"comment_status":"closed","ping_status":"closed","sticky":false,"template":"","format":"standard","meta":{"_et_pb_use_builder":"on","_et_pb_old_content":"<!-- wp:paragraph -->\n<p> El s\u00e1bado 15 de diciembre de 2018, se ha celebrado la comida fin de a\u00f1o, del club, alrededor de 50 socios nos hemos reunido para despedir el a\u00f1o y recordar la an\u00e9cdotas vividas...<\/p>\n<!-- \/wp:paragraph -->","_et_gb_content_width":"","footnotes":""},"categories":[2,12],"tags":[],"class_list":["post-716","post","type-post","status-publish","format-standard","has-post-thumbnail","hentry","category-noticias","category-senderismo"],"amp_enabled":true,"_links":{"self":[{"href":"https:\/\/clubalpinosamano.com\/\/wp-json\/wp\/v2\/posts\/716","targetHints":{"allow":["GET"]}}],"collection":[{"href":"https:\/\/clubalpinosamano.com\/\/wp-json\/wp\/v2\/posts"}],"about":[{"href":"https:\/\/clubalpinosamano.com\/\/wp-json\/wp\/v2\/types\/post"}],"author":[{"embeddable":true,"href":"https:\/\/clubalpinosamano.com\/\/wp-json\/wp\/v2\/users\/1"}],"replies":[{"embeddable":true,"href":"https:\/\/clubalpinosamano.com\/\/wp-json\/wp\/v2\/comments?post=716"}],"version-history":[{"count":4,"href":"https:\/\/clubalpinosamano.com\/\/wp-json\/wp\/v2\/posts\/716\/revisions"}],"predecessor-version":[{"id":724,"href":"https:\/\/clubalpinosamano.com\/\/wp-json\/wp\/v2\/posts\/716\/revisions\/724"}],"wp:featuredmedia":[{"embeddable":true,"href":"https:\/\/clubalpinosamano.com\/\/wp-json\/wp\/v2\/media\/719"}],"wp:attachment":[{"href":"https:\/\/clubalpinosamano.com\/\/wp-json\/wp\/v2\/media?parent=716"}],"wp:term":[{"taxonomy":"category","embeddable":true,"href":"https:\/\/clubalpinosamano.com\/\/wp-json\/wp\/v2\/categories?post=716"},{"taxonomy":"post_tag","embeddable":true,"href":"https:\/\/clubalpinosamano.com\/\/wp-json\/wp\/v2\/tags?post=716"}],"curies":[{"name":"wp","href":"https:\/\/api.w.org\/{rel}","templated":true}]}}