{"id":883,"date":"2018-05-12T13:25:35","date_gmt":"2018-05-12T11:25:35","guid":{"rendered":"http:\/\/clubalpinosamano.azurewebsites.net\/?p=883"},"modified":"2019-05-01T13:57:36","modified_gmt":"2019-05-01T11:57:36","slug":"2018-vi-marcha-solidaria-por-los-ninos-y-ninas-saharauis-de-laredo","status":"publish","type":"post","link":"https:\/\/clubalpinosamano.com\/\/2018-vi-marcha-solidaria-por-los-ninos-y-ninas-saharauis-de-laredo\/","title":{"rendered":"VI Marcha Solidaria por los ni\u00f1os y ni\u00f1as saharauis de Laredo"},"content":{"rendered":"<p>[et_pb_section fb_built=\u00bb1&#8243; next_background_color=\u00bb#f0f3f6&#8243; admin_label=\u00bbHeader\u00bb _builder_version=\u00bb3.22.5&#8243; use_background_color_gradient=\u00bbon\u00bb background_color_gradient_start=\u00bbrgba(0,0,0,0.45)\u00bb background_color_gradient_end=\u00bbrgba(237,158,0,0.5)\u00bb background_color_gradient_direction=\u00bb135deg\u00bb background_color_gradient_start_position=\u00bb61%\u00bb background_color_gradient_end_position=\u00bb60%\u00bb background_color_gradient_overlays_image=\u00bbon\u00bb background_image=\u00bb\/wp-content\/uploads\/2018-VI-marcha-solidaria-ninos-y-ninas-saharauis-de-laredo-01.jpg\u00bb custom_padding=\u00bb4vw|0px|0px|0px|false|false\u00bb bottom_divider_style=\u00bbmountains2&#8243; bottom_divider_flip=\u00bbhorizontal\u00bb][et_pb_row custom_padding=\u00bb27px|0px|117px|0|false|false\u00bb _builder_version=\u00bb3.22.5&#8243; custom_width_px=\u00bb1280px\u00bb][et_pb_column type=\u00bb4_4&#8243; _builder_version=\u00bb3.0.47&#8243;][et_pb_text _builder_version=\u00bb3.22.5&#8243; text_font=\u00bbOpen Sans||||||||\u00bb text_font_size=\u00bb16px\u00bb text_font_size_phone=\u00bb13px\u00bb text_font_size_last_edited=\u00bbon|desktop\u00bb text_line_height=\u00bb18px\u00bb text_line_height_phone=\u00bb15px\u00bb text_line_height_last_edited=\u00bbon|desktop\u00bb header_font=\u00bbSquada One|||on|||||\u00bb header_font_size=\u00bb71px\u00bb header_font_size_phone=\u00bb32px\u00bb header_font_size_last_edited=\u00bbon|phone\u00bb header_letter_spacing=\u00bb-1px\u00bb header_line_height=\u00bb0.9em\u00bb background_layout=\u00bbdark\u00bb max_width=\u00bb700px\u00bb custom_padding=\u00bb||0px|||\u00bb animation_style=\u00bbfade\u00bb hover_enabled=\u00bb0&#8243; header_2_font=\u00bbSquada One||||||||\u00bb header_2_font_size_last_edited=\u00bbon|phone\u00bb header_2_font_size_phone=\u00bb31px\u00bb header_2_letter_spacing=\u00bb-1px\u00bb header_2_line_height=\u00bb43px\u00bb header_2_font_size_tablet=\u00bb40px\u00bb header_2_font_size=\u00bb54px\u00bb header_2_line_height_last_edited=\u00bbon|desktop\u00bb header_2_line_height_tablet=\u00bb31.2px\u00bb header_2_line_height_phone=\u00bb29.1px\u00bb text_line_height_tablet=\u00bb18px\u00bb]<\/p>\n<hgroup>\n<h2 class=\"titulo\">VI Marcha Solidaria por los ni\u00f1os y ni\u00f1as saharauis de Laredo<\/h2>\n<\/hgroup>\n<p>Este s\u00e1bado 12 de mayo de 2018, se ha realizado en Laredo, la VI marcha solidaria por los ni\u00f1os y ni\u00f1as saharauis<\/p>\n<p>[\/et_pb_text][\/et_pb_column][\/et_pb_row][\/et_pb_section][et_pb_section fb_built=\u00bb1&#8243; admin_label=\u00bbBarra direcciones\u00bb _builder_version=\u00bb3.22.3&#8243; background_color=\u00bb#f0f3f6&#8243; custom_padding=\u00bb10px|0px|6px|0px|false|false\u00bb][et_pb_row custom_padding=\u00bb3px|0px|10px|0px|false|false\u00bb _builder_version=\u00bb3.22.3&#8243;][et_pb_column type=\u00bb4_4&#8243; _builder_version=\u00bb3.19.11&#8243;][et_pb_text _builder_version=\u00bb3.19.11&#8243; link_font=\u00bb|600|||||||\u00bb link_text_color=\u00bb#e09900&#8243;]<\/p>\n<div style=\"float: left; margin-right: -8px;\"><a href=\"\/\"><img decoding=\"async\" src=\"\/wp-content\/uploads\/icoHome-48.png\" width=\"30\" height=\"30\" alt=\"\" class=\"wp-image-325 alignleft size-full\" style=\"float: left;\" \/><\/a><\/div>\n<div style=\"float: left; margin-right: 8px;\"><a href=\"\/\">HOME<\/a>\u00a0 |<\/div>\n<div style=\"float: left; margin-right: -8px;\"><a href=\"\/noticias\"><img decoding=\"async\" src=\"\/wp-content\/uploads\/icoNews-48.png\" width=\"30\" height=\"30\" alt=\"\" class=\"wp-image-325 alignleft size-full\" style=\"float: left;\" \/><\/a><\/div>\n<div style=\"float: left; margin-right: 8px;\"><a href=\"\/noticias\">NOTICIAS\u00a0<\/a><\/div>\n<p>[\/et_pb_text][\/et_pb_column][\/et_pb_row][\/et_pb_section][et_pb_section fb_built=\u00bb1&#8243; admin_label=\u00bbContenido\u00bb _builder_version=\u00bb3.22.3&#8243; background_color=\u00bb#f0f3f6&#8243; custom_margin=\u00bb0px||-76px\u00bb custom_margin_tablet=\u00bb||-53px\u00bb custom_margin_phone=\u00bb||-52px\u00bb custom_margin_last_edited=\u00bbon|phone\u00bb custom_padding=\u00bb2px|0px|77px|0px|false|false\u00bb][et_pb_row custom_padding=\u00bb0px|30px|30px|4px|false|false\u00bb custom_padding_phone=\u00bb0px|0px|0px|0px\u00bb custom_padding_last_edited=\u00bbon|phone\u00bb _builder_version=\u00bb3.22.5&#8243; background_color=\u00bbrgba(255,255,255,0)\u00bb border_color_top=\u00bb#e09900&#8243; hover_enabled=\u00bb0&#8243; width_last_edited=\u00bbon|phone\u00bb width_phone=\u00bb90%\u00bb][et_pb_column type=\u00bb3_4&#8243; _builder_version=\u00bb3.0.47&#8243;][et_pb_cta button_url=\u00bb#\u00bb admin_label=\u00bbLlamada a la acci\u00f3n\u00bb _builder_version=\u00bb3.22.5&#8243; header_font=\u00bbSquada One||||||||\u00bb header_font_size=\u00bb40px\u00bb header_font_size_tablet=\u00bb35px\u00bb header_font_size_phone=\u00bb25px\u00bb header_font_size_last_edited=\u00bbon|phone\u00bb body_font=\u00bbOpen Sans||||||||\u00bb body_line_height=\u00bb1.8em\u00bb background_color=\u00bb#ffffff\u00bb border_color_all=\u00bb#e09900&#8243; border_width_top=\u00bb8px\u00bb custom_button=\u00bbon\u00bb button_text_color=\u00bb#ffffff\u00bb button_bg_color=\u00bb#00aaff\u00bb button_border_width=\u00bb5px\u00bb button_border_color=\u00bbrgba(0,0,0,0)\u00bb button_border_radius=\u00bb0px\u00bb button_font=\u00bbSquada One|||on|||||\u00bb box_shadow_style=\u00bbpreset1&#8243; box_shadow_color=\u00bbrgba(0,0,0,0.1)\u00bb text_orientation=\u00bbleft\u00bb background_layout=\u00bblight\u00bb hover_enabled=\u00bb0&#8243; button_border_radius_hover=\u00bb0px\u00bb button_text_size__hover_enabled=\u00bboff\u00bb button_one_text_size__hover_enabled=\u00bboff\u00bb button_two_text_size__hover_enabled=\u00bboff\u00bb button_text_color__hover_enabled=\u00bboff\u00bb button_one_text_color__hover_enabled=\u00bboff\u00bb button_two_text_color__hover_enabled=\u00bboff\u00bb button_border_width__hover_enabled=\u00bboff\u00bb button_one_border_width__hover_enabled=\u00bboff\u00bb button_two_border_width__hover_enabled=\u00bboff\u00bb button_border_color__hover_enabled=\u00bboff\u00bb button_one_border_color__hover_enabled=\u00bboff\u00bb button_two_border_color__hover_enabled=\u00bboff\u00bb button_border_radius__hover_enabled=\u00bbon\u00bb button_border_radius__hover=\u00bb0px\u00bb button_one_border_radius__hover_enabled=\u00bboff\u00bb button_two_border_radius__hover_enabled=\u00bboff\u00bb button_letter_spacing__hover_enabled=\u00bboff\u00bb button_one_letter_spacing__hover_enabled=\u00bboff\u00bb button_two_letter_spacing__hover_enabled=\u00bboff\u00bb button_bg_color__hover_enabled=\u00bboff\u00bb button_one_bg_color__hover_enabled=\u00bboff\u00bb button_two_bg_color__hover_enabled=\u00bboff\u00bb body_font_size_last_edited=\u00bbon|phone\u00bb body_font_size_phone=\u00bb15px\u00bb]Hola a tod@s<\/p>\n<p>Este s\u00e1bado 12 de mayo de 2018, se ha realizado en Laredo, la <strong>VI marcha solidaria por los ni\u00f1os y ni\u00f1as saharauis<\/strong>.<\/p>\n<p>A pesar de la climatolog\u00eda adversa, se presentan en la l\u00ednea de salida unas 100 personas para demostrar su solidaridad con el pueblo saharaui.<\/p>\n<p>Como no pod\u00eda ser de otra forma tambi\u00e9n estaba representado el Club Alpino S\u00e1mano, 8 socios del club, se desplazaron a Laredo.<\/p>\n<p>La cita era a las 8:30 horas y ser\u00edan las 8:45 m\u00e1s o menos cuando comenzamos a caminar.<\/p>\n<p>La mala climatolog\u00eda nos chaf\u00f3 el poder disfrutar de las fabulosas vistas que tiene este recorrido, sobre todo la primera parte, ya que a partir de la 10 horas, dej\u00f3 de llover y al levantar la nube, aumento la visibilidad, pudiendo ver las vistas en todo su alcance, a partir de esta hora nos respeto el tiempo hasta que terminamos.<\/p>\n<p>Aprovechamos para felicitar al grupo Pro Sahara Laredo, por la buena organizaci\u00f3n y el bonito recorrido que han trazado.\u00a0As\u00ed que ya estamos impacientes para que llegue la siguiente&#8230;<\/p>\n<p>Como siempre para haceros participes de lo que hemos disfrutado en este recorrido, aqu\u00ed ten\u00e9is algunas fotos.[\/et_pb_cta][\/et_pb_column][et_pb_column type=\u00bb1_4&#8243; _builder_version=\u00bb3.0.47&#8243;][et_pb_image src=\u00bb\/wp-content\/uploads\/2018-VI-marcha-solidaria-ninos-y-ninas-saharauis-de-laredo-01.jpg\u00bb show_in_lightbox=\u00bbon\u00bb use_overlay=\u00bbon\u00bb overlay_icon_color=\u00bb#ffffff\u00bb hover_overlay_color=\u00bbrgba(0,0,0,0.33)\u00bb hover_icon=\u00bb%%51%%\u00bb _builder_version=\u00bb3.22.5&#8243; border_width_all=\u00bb8px\u00bb border_color_all=\u00bb#ffffff\u00bb][\/et_pb_image][et_pb_image src=\u00bb\/wp-content\/uploads\/2018-VI-marcha-solidaria-ninos-y-ninas-saharauis-de-laredo-03.jpg\u00bb show_in_lightbox=\u00bbon\u00bb use_overlay=\u00bbon\u00bb overlay_icon_color=\u00bb#ffffff\u00bb hover_overlay_color=\u00bbrgba(0,0,0,0.33)\u00bb hover_icon=\u00bb%%51%%\u00bb _builder_version=\u00bb3.22.5&#8243; border_width_all=\u00bb8px\u00bb border_color_all=\u00bb#ffffff\u00bb][\/et_pb_image][et_pb_image src=\u00bb\/wp-content\/uploads\/2018-VI-marcha-solidaria-ninos-y-ninas-saharauis-de-laredo-02.jpg\u00bb show_in_lightbox=\u00bbon\u00bb use_overlay=\u00bbon\u00bb overlay_icon_color=\u00bb#ffffff\u00bb hover_overlay_color=\u00bbrgba(0,0,0,0.33)\u00bb hover_icon=\u00bb%%51%%\u00bb _builder_version=\u00bb3.22.5&#8243; border_width_all=\u00bb8px\u00bb border_color_all=\u00bb#ffffff\u00bb][\/et_pb_image][\/et_pb_column][\/et_pb_row][et_pb_row custom_padding=\u00bb|30px|0px|30px||\u00bb custom_margin=\u00bb|auto|-6px|auto||\u00bb _builder_version=\u00bb3.22.3&#8243;][et_pb_column type=\u00bb1_4&#8243; _builder_version=\u00bb3.19&#8243;][et_pb_button button_url=\u00bbhttps:\/\/photos.app.goo.gl\/Dqzn9ZFsnb16kufk2&#8243; url_new_window=\u00bbon\u00bb button_text=\u00bbGaler\u00eda de Fotos\u00bb button_alignment=\u00bbcenter\u00bb admin_label=\u00bbBot\u00f3n\u00bb _builder_version=\u00bb3.22.5&#8243; custom_button=\u00bbon\u00bb button_text_color=\u00bb#ffffff\u00bb button_bg_color=\u00bb#e09900&#8243; button_border_width=\u00bb1px\u00bb button_font=\u00bbOpen Sans||||||||\u00bb button_icon=\u00bb%%99%%\u00bb button_icon_color=\u00bb#ffffff\u00bb button_icon_placement=\u00bbleft\u00bb button_on_hover=\u00bboff\u00bb button_text_shadow_style=\u00bbpreset4&#8243; global_module=\u00bb146&#8243; saved_tabs=\u00bball\u00bb button_bg_color__hover_enabled=\u00bbon\u00bb button_bg_color__hover=\u00bb#ffae00&#8243;][\/et_pb_button][\/et_pb_column][et_pb_column type=\u00bb1_4&#8243; _builder_version=\u00bb3.19&#8243;][\/et_pb_column][et_pb_column type=\u00bb1_4&#8243; _builder_version=\u00bb3.19&#8243;][\/et_pb_column][et_pb_column type=\u00bb1_4&#8243; _builder_version=\u00bb3.19&#8243;][\/et_pb_column][\/et_pb_row][\/et_pb_section][et_pb_section fb_built=\u00bb1&#8243; inner_shadow=\u00bbon\u00bb _builder_version=\u00bb3.19&#8243; background_color=\u00bb#dddddd\u00bb custom_margin=\u00bb30px||-75px|||\u00bb custom_margin_last_edited=\u00bbon|phone\u00bb custom_padding=\u00bb31px|0px|0px|0px|false|false\u00bb global_module=\u00bb180&#8243; saved_tabs=\u00bball\u00bb][et_pb_row custom_padding=\u00bb0|0px|0|0px|false|false\u00bb _builder_version=\u00bb3.22.3&#8243;][et_pb_column type=\u00bb4_4&#8243; _builder_version=\u00bb3.19&#8243;][et_pb_text _builder_version=\u00bb3.19&#8243; text_font=\u00bbSquada One||||||||\u00bb text_font_size=\u00bb38px\u00bb text_letter_spacing=\u00bb-1px\u00bb]<img decoding=\"async\" src=\"\/wp-content\/uploads\/icoNews-128.png\" width=\"39\" height=\"39\" alt=\"\" class=\"wp-image-176 alignnone size-full\" align=\"absmiddle\" style=\"margin-right: 8px; margin-top:-8px\" \/>\u00daLTIMAS NOTICIAS[\/et_pb_text][et_pb_blog fullwidth=\u00bboff\u00bb posts_number=\u00bb6&#8243; include_categories=\u00bb2&#8243; show_more=\u00bbon\u00bb show_author=\u00bboff\u00bb show_categories=\u00bboff\u00bb _builder_version=\u00bb3.22.5&#8243; background_color=\u00bb#dddddd\u00bb box_shadow_style=\u00bbpreset1&#8243; box_shadow_spread=\u00bb-4px\u00bb][\/et_pb_blog][\/et_pb_column][\/et_pb_row][\/et_pb_section]<\/p>\n","protected":false},"excerpt":{"rendered":"<p>Este s\u00e1bado 12 de mayo de 2018, se ha realizado en Laredo, la VI marcha solidaria por los ni\u00f1os y ni\u00f1as saharauis<\/p>\n","protected":false},"author":1,"featured_media":886,"comment_status":"closed","ping_status":"closed","sticky":false,"template":"","format":"standard","meta":{"_et_pb_use_builder":"on","_et_pb_old_content":"<!-- wp:paragraph -->\n<p> El s\u00e1bado 15 de diciembre de 2018, se ha celebrado la comida fin de a\u00f1o, del club, alrededor de 50 socios nos hemos reunido para despedir el a\u00f1o y recordar la an\u00e9cdotas vividas...<\/p>\n<!-- \/wp:paragraph -->","_et_gb_content_width":"","footnotes":""},"categories":[2,14],"tags":[],"class_list":["post-883","post","type-post","status-publish","format-standard","has-post-thumbnail","hentry","category-noticias","category-marcha-solidaria"],"amp_enabled":true,"_links":{"self":[{"href":"https:\/\/clubalpinosamano.com\/\/wp-json\/wp\/v2\/posts\/883","targetHints":{"allow":["GET"]}}],"collection":[{"href":"https:\/\/clubalpinosamano.com\/\/wp-json\/wp\/v2\/posts"}],"about":[{"href":"https:\/\/clubalpinosamano.com\/\/wp-json\/wp\/v2\/types\/post"}],"author":[{"embeddable":true,"href":"https:\/\/clubalpinosamano.com\/\/wp-json\/wp\/v2\/users\/1"}],"replies":[{"embeddable":true,"href":"https:\/\/clubalpinosamano.com\/\/wp-json\/wp\/v2\/comments?post=883"}],"version-history":[{"count":7,"href":"https:\/\/clubalpinosamano.com\/\/wp-json\/wp\/v2\/posts\/883\/revisions"}],"predecessor-version":[{"id":897,"href":"https:\/\/clubalpinosamano.com\/\/wp-json\/wp\/v2\/posts\/883\/revisions\/897"}],"wp:featuredmedia":[{"embeddable":true,"href":"https:\/\/clubalpinosamano.com\/\/wp-json\/wp\/v2\/media\/886"}],"wp:attachment":[{"href":"https:\/\/clubalpinosamano.com\/\/wp-json\/wp\/v2\/media?parent=883"}],"wp:term":[{"taxonomy":"category","embeddable":true,"href":"https:\/\/clubalpinosamano.com\/\/wp-json\/wp\/v2\/categories?post=883"},{"taxonomy":"post_tag","embeddable":true,"href":"https:\/\/clubalpinosamano.com\/\/wp-json\/wp\/v2\/tags?post=883"}],"curies":[{"name":"wp","href":"https:\/\/api.w.org\/{rel}","templated":true}]}}